{"id":6899,"date":"2017-02-01T02:32:00","date_gmt":"2017-02-01T04:32:00","guid":{"rendered":"http:\/\/blogdoedvaldomagalhaes.com.br\/index.php\/2017\/02\/01\/homem-acusado-de-ser-tarado-e-linchado\/"},"modified":"2019-02-09T01:15:29","modified_gmt":"2019-02-09T03:15:29","slug":"homem-acusado-de-ser-tarado-e-linchado","status":"publish","type":"post","link":"https:\/\/blogdoedvaldomagalhaes.com.br\/index.php\/2017\/02\/01\/homem-acusado-de-ser-tarado-e-linchado\/","title":{"rendered":"Homem acusado de ser tarado \u00e9 espancado em Caruaru"},"content":{"rendered":"<div class=\"separator\" style=\"clear: both; text-align: center;\">\n<a href=\"https:\/\/2.bp.blogspot.com\/-u4kAaR3llVo\/WJFI-EaK_eI\/AAAAAAAAObs\/mIWdswIqcZcXVC6gv-DogLzF-IuWH7vqQCLcB\/s1600\/tarado%2B1.jpg\" imageanchor=\"1\" style=\"margin-left: 1em; margin-right: 1em;\"><img loading=\"lazy\" decoding=\"async\" border=\"0\" height=\"295\" src=\"http:\/\/blogdoedvaldomagalhaes.com.br\/wp-content\/uploads\/2017\/02\/tarado1.jpg\" width=\"400\" \/><\/a><\/div>\n<p><\/p>\n<div class=\"separator\" style=\"clear: both; text-align: center;\">\n<a href=\"https:\/\/3.bp.blogspot.com\/-Vp_ipMfGXoQ\/WJFJAvw08-I\/AAAAAAAAObw\/_Io8-a6IzNEZ0nyyPiaXIFppRr4Q6l2sgCLcB\/s1600\/tarado%2B2.jpg\" imageanchor=\"1\" style=\"margin-left: 1em; margin-right: 1em;\"><img loading=\"lazy\" decoding=\"async\" border=\"0\" height=\"225\" src=\"http:\/\/blogdoedvaldomagalhaes.com.br\/wp-content\/uploads\/2017\/02\/tarado2.jpg\" width=\"400\" \/><\/a><\/div>\n<p><\/p>\n<div class=\"separator\" style=\"clear: both; text-align: center;\">\n<a href=\"https:\/\/3.bp.blogspot.com\/-V6kFIvkcF2Y\/WJFJCa4sbVI\/AAAAAAAAOb0\/z-yZmF9SD3QI2kVfp7BoVVYs-pZImD4MQCLcB\/s1600\/tarado%2B3.jpg\" imageanchor=\"1\" style=\"margin-left: 1em; margin-right: 1em;\"><img loading=\"lazy\" decoding=\"async\" border=\"0\" height=\"400\" src=\"http:\/\/blogdoedvaldomagalhaes.com.br\/wp-content\/uploads\/2017\/02\/tarado3.jpg\" width=\"295\" \/><\/a><\/div>\n<div class=\"separator\" style=\"clear: both; text-align: center;\">\n<\/div>\n<div class=\"separator\" style=\"clear: both; text-align: justify;\">\nUm homem ainda n\u00e3o identificado foi espancado na noite desta ter\u00e7a-feira (31), no bairro S\u00e3o Jo\u00e3o da Esc\u00f3cia, em Caruaru. Ele foi espancado acusado de ser um tarado, e s\u00f3 n\u00e3o morreu no local, porque a&nbsp;pol\u00edcia chego rapidamente e o levou para o Hospital Regional do Agreste (HRA).<\/div>\n<div style=\"text-align: justify;\">\n<\/div>\n","protected":false},"excerpt":{"rendered":"<p>Um homem ainda n\u00e3o identificado foi espancado na noite desta ter\u00e7a-feira (31), no bairro S\u00e3o Jo\u00e3o da Esc\u00f3cia, em Caruaru.&hellip;<\/p>\n","protected":false},"author":1,"featured_media":0,"comment_status":"open","ping_status":"open","sticky":false,"template":"","format":"standard","meta":{"footnotes":""},"categories":[1],"tags":[5455,992,9431,13],"class_list":["post-6899","post","type-post","status-publish","format-standard","hentry","category-sem-categoria","tag-bairro-sao-joao-joao-da-escocia","tag-blog-do-edvaldo-do-magalhaes","tag-homem-acusado-de-ser-tarado-e-linchado-em-caruaru","tag-policial"],"_links":{"self":[{"href":"https:\/\/blogdoedvaldomagalhaes.com.br\/index.php\/wp-json\/wp\/v2\/posts\/6899","targetHints":{"allow":["GET"]}}],"collection":[{"href":"https:\/\/blogdoedvaldomagalhaes.com.br\/index.php\/wp-json\/wp\/v2\/posts"}],"about":[{"href":"https:\/\/blogdoedvaldomagalhaes.com.br\/index.php\/wp-json\/wp\/v2\/types\/post"}],"author":[{"embeddable":true,"href":"https:\/\/blogdoedvaldomagalhaes.com.br\/index.php\/wp-json\/wp\/v2\/users\/1"}],"replies":[{"embeddable":true,"href":"https:\/\/blogdoedvaldomagalhaes.com.br\/index.php\/wp-json\/wp\/v2\/comments?post=6899"}],"version-history":[{"count":1,"href":"https:\/\/blogdoedvaldomagalhaes.com.br\/index.php\/wp-json\/wp\/v2\/posts\/6899\/revisions"}],"predecessor-version":[{"id":16467,"href":"https:\/\/blogdoedvaldomagalhaes.com.br\/index.php\/wp-json\/wp\/v2\/posts\/6899\/revisions\/16467"}],"wp:attachment":[{"href":"https:\/\/blogdoedvaldomagalhaes.com.br\/index.php\/wp-json\/wp\/v2\/media?parent=6899"}],"wp:term":[{"taxonomy":"category","embeddable":true,"href":"https:\/\/blogdoedvaldomagalhaes.com.br\/index.php\/wp-json\/wp\/v2\/categories?post=6899"},{"taxonomy":"post_tag","embeddable":true,"href":"https:\/\/blogdoedvaldomagalhaes.com.br\/index.php\/wp-json\/wp\/v2\/tags?post=6899"}],"curies":[{"name":"wp","href":"https:\/\/api.w.org\/{rel}","templated":true}]}}