{"id":68946,"date":"2021-04-16T00:12:56","date_gmt":"2021-04-16T03:12:56","guid":{"rendered":"https:\/\/blogdoedvaldomagalhaes.com.br\/?p=68946"},"modified":"2021-04-16T11:48:17","modified_gmt":"2021-04-16T14:48:17","slug":"medico-morre-em-acidente-automobilistico-entre-tacaimbo-e-belo-jardim","status":"publish","type":"post","link":"https:\/\/blogdoedvaldomagalhaes.com.br\/index.php\/2021\/04\/16\/medico-morre-em-acidente-automobilistico-entre-tacaimbo-e-belo-jardim\/","title":{"rendered":"M\u00e9dico morre em acidente automobil\u00edstico entre Tacaimb\u00f3 e Belo Jardim"},"content":{"rendered":"<p style=\"text-align: justify;\">O acidente ocorreu por volta das 18h10 desta quinta-feira (16), no Km 169 da BR 232, em Tacaimb\u00f3.<span style=\"font-size: inherit;\">&nbsp;Foi uma colis\u00e3o frontal entre um carro e um caminh\u00e3o. Pelos vest\u00edgios verificados no local, o motorista do carro entrou na contram\u00e3o da rodovia.<\/span><\/p>\n<p style=\"text-align: justify;\">Ele estava sozinho no ve\u00edculo, ficou preso \u00e0s ferragens e foi socorrido em estado grave para um hospital em Belo Jardim, mas faleceu.<\/p>\n<p style=\"text-align: justify;\">O motorista do caminh\u00e3o teve ferimentos leves e foi socorrido pelo SAMU para uma unidade de sa\u00fade da regi\u00e3o. Ele realizou o teste do baf\u00f4metro e o resultado foi normal.<\/p>\n<p style=\"text-align: justify;\">Al\u00e9m da PRF, o Corpo de Bombeiros e o SAMU estiveram no local.<\/p>\n<p style=\"text-align: justify;\">NOTA DE PESAR<\/p>\n<p style=\"text-align: justify;\">Toda a equipe do Hospital Mestre Vitalino lamenta o falecimento do Dr. Pablo Benvindo Ferreira que atuava na UTI Pedi\u00e1trica da unidade.<\/p>\n<p style=\"text-align: justify;\">O HMV se solidariza com os familiares neste momento de profundo pesar e sente pela perda de um ser humano e profissional t\u00e3o comprometido.<\/p>\n<p style=\"text-align: justify;\">O m\u00e9dico foi v\u00edtima de um acidente automobil\u00edstico ocorrido entre as cidades de Tacaimb\u00f3 e Belo Jardim na noite desta quinta-feita (15).<\/p>\n\n\n<figure class=\"wp-block-image size-large\"><img loading=\"lazy\" decoding=\"async\" width=\"820\" height=\"479\" src=\"https:\/\/blogdoedvaldomagalhaes.com.br\/wp-content\/uploads\/2021\/04\/IMG-20210416-WA0141.jpg\" alt=\"\" class=\"wp-image-68954\" srcset=\"https:\/\/blogdoedvaldomagalhaes.com.br\/wp-content\/uploads\/2021\/04\/IMG-20210416-WA0141.jpg 820w, https:\/\/blogdoedvaldomagalhaes.com.br\/wp-content\/uploads\/2021\/04\/IMG-20210416-WA0141-300x175.jpg 300w, https:\/\/blogdoedvaldomagalhaes.com.br\/wp-content\/uploads\/2021\/04\/IMG-20210416-WA0141-768x449.jpg 768w\" sizes=\"auto, (max-width: 820px) 100vw, 820px\" \/><\/figure>\n\n\n\n<figure class=\"wp-block-image size-large\"><img loading=\"lazy\" decoding=\"async\" width=\"1024\" height=\"498\" src=\"https:\/\/blogdoedvaldomagalhaes.com.br\/wp-content\/uploads\/2021\/04\/IMG-20210416-WA0008-1024x498.jpg\" alt=\"\" class=\"wp-image-68966\" srcset=\"https:\/\/blogdoedvaldomagalhaes.com.br\/wp-content\/uploads\/2021\/04\/IMG-20210416-WA0008-1024x498.jpg 1024w, https:\/\/blogdoedvaldomagalhaes.com.br\/wp-content\/uploads\/2021\/04\/IMG-20210416-WA0008-300x146.jpg 300w, https:\/\/blogdoedvaldomagalhaes.com.br\/wp-content\/uploads\/2021\/04\/IMG-20210416-WA0008-768x373.jpg 768w, https:\/\/blogdoedvaldomagalhaes.com.br\/wp-content\/uploads\/2021\/04\/IMG-20210416-WA0008.jpg 1152w\" sizes=\"auto, (max-width: 1024px) 100vw, 1024px\" \/><figcaption>Carro da v\u00edtima <\/figcaption><\/figure>\n\n\n\n<figure class=\"wp-block-image size-large\"><img loading=\"lazy\" decoding=\"async\" width=\"498\" height=\"1024\" src=\"https:\/\/blogdoedvaldomagalhaes.com.br\/wp-content\/uploads\/2021\/04\/IMG-20210416-WA0011-498x1024.jpg\" alt=\"\" class=\"wp-image-68968\" srcset=\"https:\/\/blogdoedvaldomagalhaes.com.br\/wp-content\/uploads\/2021\/04\/IMG-20210416-WA0011-498x1024.jpg 498w, https:\/\/blogdoedvaldomagalhaes.com.br\/wp-content\/uploads\/2021\/04\/IMG-20210416-WA0011-146x300.jpg 146w, https:\/\/blogdoedvaldomagalhaes.com.br\/wp-content\/uploads\/2021\/04\/IMG-20210416-WA0011.jpg 560w\" sizes=\"auto, (max-width: 498px) 100vw, 498px\" \/><figcaption>Caminh\u00e3o envolvido<\/figcaption><\/figure>\n","protected":false},"excerpt":{"rendered":"<p>O acidente ocorreu por volta das 18h10 desta quinta-feira (16), no Km 169 da BR 232, em Tacaimb\u00f3.&nbsp;Foi uma colis\u00e3o&hellip;<\/p>\n","protected":false},"author":1,"featured_media":68947,"comment_status":"open","ping_status":"open","sticky":false,"template":"","format":"standard","meta":{"footnotes":""},"categories":[14120],"tags":[2,19532,21357,1950],"class_list":["post-68946","post","type-post","status-publish","format-standard","has-post-thumbnail","hentry","category-noticias","tag-blog-do-edvaldo-magalhaes","tag-blog-mais-acessado-e-visualizado-de-caruaru-e-regiao","tag-medico-morre-em-acidente-automobilistico-entre-tacaimbo-e-belo-jardim","tag-noticias-de-caruaru"],"_links":{"self":[{"href":"https:\/\/blogdoedvaldomagalhaes.com.br\/index.php\/wp-json\/wp\/v2\/posts\/68946","targetHints":{"allow":["GET"]}}],"collection":[{"href":"https:\/\/blogdoedvaldomagalhaes.com.br\/index.php\/wp-json\/wp\/v2\/posts"}],"about":[{"href":"https:\/\/blogdoedvaldomagalhaes.com.br\/index.php\/wp-json\/wp\/v2\/types\/post"}],"author":[{"embeddable":true,"href":"https:\/\/blogdoedvaldomagalhaes.com.br\/index.php\/wp-json\/wp\/v2\/users\/1"}],"replies":[{"embeddable":true,"href":"https:\/\/blogdoedvaldomagalhaes.com.br\/index.php\/wp-json\/wp\/v2\/comments?post=68946"}],"version-history":[{"count":5,"href":"https:\/\/blogdoedvaldomagalhaes.com.br\/index.php\/wp-json\/wp\/v2\/posts\/68946\/revisions"}],"predecessor-version":[{"id":68969,"href":"https:\/\/blogdoedvaldomagalhaes.com.br\/index.php\/wp-json\/wp\/v2\/posts\/68946\/revisions\/68969"}],"wp:featuredmedia":[{"embeddable":true,"href":"https:\/\/blogdoedvaldomagalhaes.com.br\/index.php\/wp-json\/wp\/v2\/media\/68947"}],"wp:attachment":[{"href":"https:\/\/blogdoedvaldomagalhaes.com.br\/index.php\/wp-json\/wp\/v2\/media?parent=68946"}],"wp:term":[{"taxonomy":"category","embeddable":true,"href":"https:\/\/blogdoedvaldomagalhaes.com.br\/index.php\/wp-json\/wp\/v2\/categories?post=68946"},{"taxonomy":"post_tag","embeddable":true,"href":"https:\/\/blogdoedvaldomagalhaes.com.br\/index.php\/wp-json\/wp\/v2\/tags?post=68946"}],"curies":[{"name":"wp","href":"https:\/\/api.w.org\/{rel}","templated":true}]}}