{"id":68944,"date":"2021-04-15T23:42:40","date_gmt":"2021-04-16T02:42:40","guid":{"rendered":"https:\/\/blogdoedvaldomagalhaes.com.br\/?p=68944"},"modified":"2021-04-15T23:42:41","modified_gmt":"2021-04-16T02:42:41","slug":"pernambuco-registra-aumento-de-pacientes-entre-20-e-39-anos-em-leitos-de-uti","status":"publish","type":"post","link":"https:\/\/blogdoedvaldomagalhaes.com.br\/index.php\/2021\/04\/15\/pernambuco-registra-aumento-de-pacientes-entre-20-e-39-anos-em-leitos-de-uti\/","title":{"rendered":"Pernambuco registra aumento de pacientes entre 20 e 39 anos em leitos de UTI"},"content":{"rendered":"<p style=\"text-align: justify;\">Durante a coletiva online do Governo de Pernambuco, realizada nesta quinta-feira (15.04), o secret\u00e1rio estadual de Sa\u00fade, Andr\u00e9 Longo, refor\u00e7ou a preocupa\u00e7\u00e3o com uma mudan\u00e7a no perfil de interna\u00e7\u00f5es nos leitos de UTI dedicados aos quadros respirat\u00f3rios e com o avan\u00e7o da doen\u00e7a entre os adultos jovens. Na compara\u00e7\u00e3o entre as duas primeiras semanas epidemiol\u00f3gicas do ano (03 a 16\/01) e as duas \u00faltimas (28\/03 a 10\/04), o Estado registrou um aumento de 197% nas interna\u00e7\u00f5es em UTIs de pacientes na faixa et\u00e1ria entre 20 e 39 anos; e de 205% entre internados com idade entre 40 e 59 anos.<\/p>\n<p style=\"text-align: justify;\">J\u00e1 em rela\u00e7\u00e3o aos idosos, aconteceu o inverso, de acordo com a progress\u00e3o da vacina\u00e7\u00e3o, ressaltando o impacto positivo da imuniza\u00e7\u00e3o naquela faixa et\u00e1ria. Entre os primeiros idosos imunizados \u2013 aqueles com mais de 85 anos de idade \u2013 que come\u00e7aram a ser vacinados a partir do final de janeiro, houve redu\u00e7\u00e3o de 33% nas interna\u00e7\u00f5es em leitos de terapia intensiva.<\/p>\n<p style=\"text-align: justify;\">Quanto ao p\u00fablico com idade entre e 70 e 84 anos ainda n\u00e3o houve queda, mas o crescimento evoluiu em ritmo muito menor que entre os jovens, com 10% de redu\u00e7\u00e3o nos idosos com idade entre 80 e 84 anos (faixa que come\u00e7ou a ser vacinada a partir de 25\/02 no Estado) e 88% nos idosos entre 70 e 79 anos (vacina\u00e7\u00e3o que teve in\u00edcio em 10\/03). Apenas na faixa et\u00e1ria entre 60 e 69 houve aumento em maior ritmo (236%). Importante lembrar que muitos desse grupo sequer foram vacinados, j\u00e1 que as primeiras doses para essa faixa et\u00e1ria chegaram em 26\/03.<\/p>\n<p style=\"text-align: justify;\">\u201cAtualmente, temos uma grande preocupa\u00e7\u00e3o com os adultos mais jovens, que t\u00eam uma falsa sensa\u00e7\u00e3o de menor risco e est\u00e3o se protegendo menos. Volto a lembrar que s\u00f3 vamos evitar novas perdas se todos se conscientizarem. Ningu\u00e9m est\u00e1 livre da doen\u00e7a e todos podem ser v\u00edtimas do v\u00edrus\u201d, advertiu Andr\u00e9 Longo, ressaltando a import\u00e2ncia da manuten\u00e7\u00e3o dos cuidados. \u201cNossas a\u00e7\u00f5es salvam vidas e s\u00e3o determinantes para que possamos avan\u00e7ar no Plano de Conviv\u00eancia. Para que possamos ter menos medidas restritivas, menor press\u00e3o sobre o sistema de sa\u00fade e menos vidas perdidas \u00e9 preciso que todos sejam conscientes e usem m\u00e1scara, lavem as m\u00e3os e evitem as aglomera\u00e7\u00f5es\u201d, refor\u00e7ou.<\/p>\n<p style=\"text-align: justify;\">VACINAS \u2013 Est\u00e1 prevista para a 1h30 desta sexta-feira (16\/04) a chegada ao Recife de mais 255.150 doses de vacinas contra a Covid-19, que permitir\u00e3o ao Governo de Pernambuco estender a campanha de vacina\u00e7\u00e3o para os idosos a partir dos 60 anos de idade em todo o Estado, de acordo com o cronograma de cada munic\u00edpio.<\/p>\n<p style=\"text-align: justify;\">\u201cRefor\u00e7o que temos feito tudo para acelerar o processo de imuniza\u00e7\u00e3o. At\u00e9 agora, 1,5 milh\u00e3o de doses j\u00e1 foram aplicadas em Pernambuco, 75% do total recebido. J\u00e1 foram aplicadas 93% das vacinas destinadas \u00e0 1\u00aa dose e 48% das que foram enviadas para a 2\u00aa dose. Temos capacidade de vacinar em um ritmo muito maior, e precisamos de mais vacinas. Como demonstram os indicadores, quanto mais pessoas vacinadas, menor ser\u00e1 o n\u00famero de doentes graves. Acompanhe o calend\u00e1rio da sua cidade. Se j\u00e1 chegou a sua vez, exer\u00e7a esse direito. Vacina sim e cuidado sempre, por voc\u00ea e por todos\u201d, ressaltou o secret\u00e1rio de Sa\u00fade.<\/p>\n<p style=\"text-align: justify;\">LEITOS \u2013 Com os esfor\u00e7os das \u00faltimas semanas, o Governo de Pernambuco conseguiu colocar em funcionamento, em pouco mais de 40 dias, 570 leitos de UTI, totalizando, nesta quinta-feira (15.04), 1,6 mil vagas de terapia intensiva em todas as regi\u00f5es pernambucanas. Ao todo, a rede conta com 2.850 leitos, sendo 1.604 de UTI e 1.246 de enfermaria. \u201cPor determina\u00e7\u00e3o do governador Paulo C\u00e2mara, estamos conseguindo dar uma resposta \u00e0 altura do desafio imposto pela pandemia. Pernambuco \u00e9, hoje, o segundo Estado que mais investe recursos no enfrentamento da doen\u00e7a no Pa\u00eds. Esse grande esfor\u00e7o de abertura de leitos, que se soma a outras a\u00e7\u00f5es preventivas, vem se mostrando uma iniciativa acertada\u201d, concluiu o secret\u00e1rio Andr\u00e9 Longo.<\/p>\n","protected":false},"excerpt":{"rendered":"<p>Durante a coletiva online do Governo de Pernambuco, realizada nesta quinta-feira (15.04), o secret\u00e1rio estadual de Sa\u00fade, Andr\u00e9 Longo, refor\u00e7ou&hellip;<\/p>\n","protected":false},"author":1,"featured_media":65231,"comment_status":"open","ping_status":"open","sticky":false,"template":"","format":"standard","meta":{"footnotes":""},"categories":[14120],"tags":[2,19532,6,19670,21356],"class_list":["post-68944","post","type-post","status-publish","format-standard","has-post-thumbnail","hentry","category-noticias","tag-blog-do-edvaldo-magalhaes","tag-blog-mais-acessado-e-visualizado-de-caruaru-e-regiao","tag-noticias","tag-novo-coronavirus","tag-pernambuco-registra-aumento-de-pacientes-entre-20-e-39-anos-em-leitos-de-uti"],"_links":{"self":[{"href":"https:\/\/blogdoedvaldomagalhaes.com.br\/index.php\/wp-json\/wp\/v2\/posts\/68944","targetHints":{"allow":["GET"]}}],"collection":[{"href":"https:\/\/blogdoedvaldomagalhaes.com.br\/index.php\/wp-json\/wp\/v2\/posts"}],"about":[{"href":"https:\/\/blogdoedvaldomagalhaes.com.br\/index.php\/wp-json\/wp\/v2\/types\/post"}],"author":[{"embeddable":true,"href":"https:\/\/blogdoedvaldomagalhaes.com.br\/index.php\/wp-json\/wp\/v2\/users\/1"}],"replies":[{"embeddable":true,"href":"https:\/\/blogdoedvaldomagalhaes.com.br\/index.php\/wp-json\/wp\/v2\/comments?post=68944"}],"version-history":[{"count":1,"href":"https:\/\/blogdoedvaldomagalhaes.com.br\/index.php\/wp-json\/wp\/v2\/posts\/68944\/revisions"}],"predecessor-version":[{"id":68945,"href":"https:\/\/blogdoedvaldomagalhaes.com.br\/index.php\/wp-json\/wp\/v2\/posts\/68944\/revisions\/68945"}],"wp:featuredmedia":[{"embeddable":true,"href":"https:\/\/blogdoedvaldomagalhaes.com.br\/index.php\/wp-json\/wp\/v2\/media\/65231"}],"wp:attachment":[{"href":"https:\/\/blogdoedvaldomagalhaes.com.br\/index.php\/wp-json\/wp\/v2\/media?parent=68944"}],"wp:term":[{"taxonomy":"category","embeddable":true,"href":"https:\/\/blogdoedvaldomagalhaes.com.br\/index.php\/wp-json\/wp\/v2\/categories?post=68944"},{"taxonomy":"post_tag","embeddable":true,"href":"https:\/\/blogdoedvaldomagalhaes.com.br\/index.php\/wp-json\/wp\/v2\/tags?post=68944"}],"curies":[{"name":"wp","href":"https:\/\/api.w.org\/{rel}","templated":true}]}}