{"id":68939,"date":"2021-04-15T22:41:38","date_gmt":"2021-04-16T01:41:38","guid":{"rendered":"https:\/\/blogdoedvaldomagalhaes.com.br\/?p=68939"},"modified":"2021-04-16T10:27:41","modified_gmt":"2021-04-16T13:27:41","slug":"morre-dr-vieira-ex-vice-prefeito-de-caruaru-vitima-de-covid-19","status":"publish","type":"post","link":"https:\/\/blogdoedvaldomagalhaes.com.br\/index.php\/2021\/04\/15\/morre-dr-vieira-ex-vice-prefeito-de-caruaru-vitima-de-covid-19\/","title":{"rendered":"Morre Dr. Vieira ex-vice-prefeito de Caruaru v\u00edtima de covid-19"},"content":{"rendered":"<p style=\"text-align: justify;\">O m\u00e9dico Ant\u00f4nio Vieira da Rocha Filho, que tinha 86 anos de idade, faleceu na noite desta quinta-feira (15), no Hospital Unimed Caruaru, onde estava internado, n\u00e3o resistindo as complica\u00e7\u00f5es da COVID-19. Doutor Viera, foi vice-prefeito de Caruaru na segunda gest\u00e3o de Joao Lyra Neto entre os anos de 1997 e 2000, diretor do<span style=\"font-size: inherit;\"> Hospital Regional do Agreste em 2007 e secret\u00e1rio de Sa\u00fade em 1997, acumulando a fun\u00e7\u00e3o com a vice-prefeitura.<\/span><\/p>\n<p style=\"text-align: justify;\">Marcelo Gomes lamenta falecimento de Dr. Vieira<\/p>\n<p style=\"text-align: justify;\">O ex-vereador e presidente do PSB Caruaru, Marcelo Gomes, lamentou a not\u00edcia da partida do m\u00e9dico, ex-vice-prefeito e ex-Secret\u00e1rio de Sa\u00fade de Caruaru, Ant\u00f4nio Vieira, conhecido como Dr. Vieira, que faleceu na noite desta quinta-feira (15).<\/p>\n<p style=\"text-align: justify;\">Querido por muitos, o m\u00e9dico era reconhecido pelo trabalho que desenvolveu, tanto no setor da sa\u00fade como no imobili\u00e1rio, na capital do Agreste. Muito admirado por Marcelo, ele recebeu homenagens em 2015, referente ao seu 80\u00ba anivers\u00e1rio, pelo ent\u00e3o vereador, na Casa Legislativa deste munic\u00edpio.<\/p>\n<p style=\"text-align: justify;\">\u201cDr. Vieira foi um grande homem, que aprendi a respeitar e admirar. Era uma pessoa do bem, como poucos. Envio os meus sentimentos de pesar para sua fam\u00edlia e amigos. Far\u00e1 muita falta!\u201d.<\/p>\n<p style=\"text-align: justify;\">NOTA DE PESAR<\/p>\n<p style=\"text-align: justify;\">Mais uma vez somos pegos pela tristeza, com a not\u00edcia do falecimento, na noite desta quinta-feira (15), do nosso querido m\u00e9dico Ant\u00f4nio Vieira da Rocha Filho, aos 86 anos. O Dr. Vieira, como era conhecido aqui em Caruaru, fez hist\u00f3ria por onde passou. Na pol\u00edtica, foi vice-prefeito, na segunda gest\u00e3o de Jo\u00e3o Lyra Neto, al\u00e9m de ter atuado como secret\u00e1rio de Sa\u00fade do munic\u00edpio. Tamb\u00e9m foi diretor do Hospital Regional do Agreste. Aos familiares, especialmente para Dora, Fabio, Yana e Pedro, e aos amigos, o meu mais sincero abra\u00e7o.<\/p>\n<p style=\"text-align: justify;\">Raquel Lyra,<br \/>\nPrefeita de Caruaru<\/p>\n<p style=\"text-align: justify;\">Dire\u00e7\u00e3o do HRA lamenta falecimento de Dr. Vieira<\/p>\n<div dir=\"auto\" style=\"text-align: justify;\">Foi com profunda tristeza que recebemos a not\u00edcia do falecimento do m\u00e9dico Ant\u00f4nio Vieira da Rocha Filho. Dr. Vieira era muito querido e admirado pelos amigos, familiares e colegas de trabalho, deixando um grande legado para Caruaru, principalmente na Sa\u00fade, quando foi secret\u00e1rio e, tamb\u00e9m, diretor do Hospital Regional do Agreste.<\/div>\n<div dir=\"auto\" style=\"text-align: justify;\">&#8220;Perdemos um homem \u00edntegro, humano e dedicado. Dr. Vieira ser\u00e1 sempre lembrado, seja como profissional ou como amigo. Nosso carinho e solidariedade \u00e0 fam\u00edlia por esta grande perda&#8221;, disse Dr. Pedro Lima, diretor do HRA.<\/div>\n<p style=\"text-align: justify;\">\n","protected":false},"excerpt":{"rendered":"<p>O m\u00e9dico Ant\u00f4nio Vieira da Rocha Filho, que tinha 86 anos de idade, faleceu na noite desta quinta-feira (15), no&hellip;<\/p>\n","protected":false},"author":1,"featured_media":68940,"comment_status":"open","ping_status":"open","sticky":false,"template":"","format":"standard","meta":{"footnotes":""},"categories":[14120],"tags":[2,19532,21355,1950],"class_list":["post-68939","post","type-post","status-publish","format-standard","has-post-thumbnail","hentry","category-noticias","tag-blog-do-edvaldo-magalhaes","tag-blog-mais-acessado-e-visualizado-de-caruaru-e-regiao","tag-morre-dr-vieira-ex-vice-prefeito-de-caruaru-vitima-de-covid-19","tag-noticias-de-caruaru"],"_links":{"self":[{"href":"https:\/\/blogdoedvaldomagalhaes.com.br\/index.php\/wp-json\/wp\/v2\/posts\/68939","targetHints":{"allow":["GET"]}}],"collection":[{"href":"https:\/\/blogdoedvaldomagalhaes.com.br\/index.php\/wp-json\/wp\/v2\/posts"}],"about":[{"href":"https:\/\/blogdoedvaldomagalhaes.com.br\/index.php\/wp-json\/wp\/v2\/types\/post"}],"author":[{"embeddable":true,"href":"https:\/\/blogdoedvaldomagalhaes.com.br\/index.php\/wp-json\/wp\/v2\/users\/1"}],"replies":[{"embeddable":true,"href":"https:\/\/blogdoedvaldomagalhaes.com.br\/index.php\/wp-json\/wp\/v2\/comments?post=68939"}],"version-history":[{"count":4,"href":"https:\/\/blogdoedvaldomagalhaes.com.br\/index.php\/wp-json\/wp\/v2\/posts\/68939\/revisions"}],"predecessor-version":[{"id":68953,"href":"https:\/\/blogdoedvaldomagalhaes.com.br\/index.php\/wp-json\/wp\/v2\/posts\/68939\/revisions\/68953"}],"wp:featuredmedia":[{"embeddable":true,"href":"https:\/\/blogdoedvaldomagalhaes.com.br\/index.php\/wp-json\/wp\/v2\/media\/68940"}],"wp:attachment":[{"href":"https:\/\/blogdoedvaldomagalhaes.com.br\/index.php\/wp-json\/wp\/v2\/media?parent=68939"}],"wp:term":[{"taxonomy":"category","embeddable":true,"href":"https:\/\/blogdoedvaldomagalhaes.com.br\/index.php\/wp-json\/wp\/v2\/categories?post=68939"},{"taxonomy":"post_tag","embeddable":true,"href":"https:\/\/blogdoedvaldomagalhaes.com.br\/index.php\/wp-json\/wp\/v2\/tags?post=68939"}],"curies":[{"name":"wp","href":"https:\/\/api.w.org\/{rel}","templated":true}]}}