{"id":68936,"date":"2021-04-15T22:11:19","date_gmt":"2021-04-16T01:11:19","guid":{"rendered":"https:\/\/blogdoedvaldomagalhaes.com.br\/?p=68936"},"modified":"2021-04-15T22:11:20","modified_gmt":"2021-04-16T01:11:20","slug":"homem-e-assassinado-com-tiros-na-cabeca-em-caruaru","status":"publish","type":"post","link":"https:\/\/blogdoedvaldomagalhaes.com.br\/index.php\/2021\/04\/15\/homem-e-assassinado-com-tiros-na-cabeca-em-caruaru\/","title":{"rendered":"Homem \u00e9 assassinado com tiros na cabe\u00e7a em Caruaru"},"content":{"rendered":"<p style=\"text-align: justify;\">Um homem n\u00e3o identificado foi assassinado a tiros em uma estrada de terra no S\u00edtio Angico, zona rural de Caruaru. O corpo foi localizado na manh\u00e3 desta quinta-feira (15) com dois tiros na cabe\u00e7a.<\/p>\n<p style=\"text-align: justify;\">O delegado M\u00e1rcio George, titular da 20\u00aa Delegacia de Homic\u00eddios afirmou que, devido ao per\u00edodo chuvoso, n\u00e3o d\u00e1 para determinar se a v\u00edtima foi morta no local ou o corpo foi desovado.<\/p>\n<p style=\"text-align: justify;\">Ap\u00f3s a per\u00edcia, o corpo foi levado para o Instituto de Medicina Legal (IML). Este foi o 4\u00ba homic\u00eddio do m\u00eas de abril e o 29\u00ba do ano.<\/p>\n<p>Por Helenivaldo Pereira.<\/p>\n","protected":false},"excerpt":{"rendered":"<p>Um homem n\u00e3o identificado foi assassinado a tiros em uma estrada de terra no S\u00edtio Angico, zona rural de Caruaru.&hellip;<\/p>\n","protected":false},"author":1,"featured_media":68937,"comment_status":"open","ping_status":"open","sticky":false,"template":"","format":"standard","meta":{"footnotes":""},"categories":[14121],"tags":[2,19532,21354,5448,1950],"class_list":["post-68936","post","type-post","status-publish","format-standard","has-post-thumbnail","hentry","category-policial","tag-blog-do-edvaldo-magalhaes","tag-blog-mais-acessado-e-visualizado-de-caruaru-e-regiao","tag-homem-e-assassinado-com-tiros-na-cabeca-em-caruaru","tag-homicidio","tag-noticias-de-caruaru"],"_links":{"self":[{"href":"https:\/\/blogdoedvaldomagalhaes.com.br\/index.php\/wp-json\/wp\/v2\/posts\/68936","targetHints":{"allow":["GET"]}}],"collection":[{"href":"https:\/\/blogdoedvaldomagalhaes.com.br\/index.php\/wp-json\/wp\/v2\/posts"}],"about":[{"href":"https:\/\/blogdoedvaldomagalhaes.com.br\/index.php\/wp-json\/wp\/v2\/types\/post"}],"author":[{"embeddable":true,"href":"https:\/\/blogdoedvaldomagalhaes.com.br\/index.php\/wp-json\/wp\/v2\/users\/1"}],"replies":[{"embeddable":true,"href":"https:\/\/blogdoedvaldomagalhaes.com.br\/index.php\/wp-json\/wp\/v2\/comments?post=68936"}],"version-history":[{"count":1,"href":"https:\/\/blogdoedvaldomagalhaes.com.br\/index.php\/wp-json\/wp\/v2\/posts\/68936\/revisions"}],"predecessor-version":[{"id":68938,"href":"https:\/\/blogdoedvaldomagalhaes.com.br\/index.php\/wp-json\/wp\/v2\/posts\/68936\/revisions\/68938"}],"wp:featuredmedia":[{"embeddable":true,"href":"https:\/\/blogdoedvaldomagalhaes.com.br\/index.php\/wp-json\/wp\/v2\/media\/68937"}],"wp:attachment":[{"href":"https:\/\/blogdoedvaldomagalhaes.com.br\/index.php\/wp-json\/wp\/v2\/media?parent=68936"}],"wp:term":[{"taxonomy":"category","embeddable":true,"href":"https:\/\/blogdoedvaldomagalhaes.com.br\/index.php\/wp-json\/wp\/v2\/categories?post=68936"},{"taxonomy":"post_tag","embeddable":true,"href":"https:\/\/blogdoedvaldomagalhaes.com.br\/index.php\/wp-json\/wp\/v2\/tags?post=68936"}],"curies":[{"name":"wp","href":"https:\/\/api.w.org\/{rel}","templated":true}]}}