{"id":68933,"date":"2021-04-15T21:56:24","date_gmt":"2021-04-16T00:56:24","guid":{"rendered":"https:\/\/blogdoedvaldomagalhaes.com.br\/?p=68933"},"modified":"2021-04-15T21:56:26","modified_gmt":"2021-04-16T00:56:26","slug":"prefeitura-de-caruaru-recebe-nesta-sexta-tratores-e-equipamentos-conseguidos-por-tony-gel-e-raul-henry","status":"publish","type":"post","link":"https:\/\/blogdoedvaldomagalhaes.com.br\/index.php\/2021\/04\/15\/prefeitura-de-caruaru-recebe-nesta-sexta-tratores-e-equipamentos-conseguidos-por-tony-gel-e-raul-henry\/","title":{"rendered":"Prefeitura de Caruaru recebe nesta sexta tratores e equipamentos conseguidos por Tony Gel e Raul Henry"},"content":{"rendered":"<p style=\"text-align: justify;\"><span style=\"font-size: inherit;\">A prefeitura de Caruaru vai receber na manh\u00e3 desta sexta-feira 16, tratores e equipamentos conseguidos pelo Deputado Estadual Tony Gel junto ao Deputado Federal Raul Henry.<\/span><\/p>\n<p style=\"text-align: justify;\">Os tr\u00eas tratores e equipamentos que v\u00e3o auxiliar o munic\u00edpio de Caruaru, nas a\u00e7\u00f5es voltadas para o homem do campo \u00e9 fruto de uma emenda parlamentar de Raul Henry, que atendendo a uma solicita\u00e7\u00e3o de Tony Gel destinou os recursos para que a prefeitura adquirisse os ve\u00edculos.<\/p>\n<p style=\"text-align: justify;\">O vereador Galego de Lajes, aliado do deputado Tony Gel est\u00e1 entusiasmado com a conquista, afinal o edil \u00e9 o representante da zona rural na C\u00e2mara de Vereadores.<\/p>\n","protected":false},"excerpt":{"rendered":"<p>A prefeitura de Caruaru vai receber na manh\u00e3 desta sexta-feira 16, tratores e equipamentos conseguidos pelo Deputado Estadual Tony Gel&hellip;<\/p>\n","protected":false},"author":1,"featured_media":68934,"comment_status":"open","ping_status":"open","sticky":false,"template":"","format":"standard","meta":{"footnotes":""},"categories":[14122],"tags":[2,19532,20,21353],"class_list":["post-68933","post","type-post","status-publish","format-standard","has-post-thumbnail","hentry","category-politica","tag-blog-do-edvaldo-magalhaes","tag-blog-mais-acessado-e-visualizado-de-caruaru-e-regiao","tag-politica","tag-prefeitura-de-caruaru-recebe-nesta-sexta-tratores-e-equipamentos-conseguidos-por-tony-gel-e-raul-henry"],"_links":{"self":[{"href":"https:\/\/blogdoedvaldomagalhaes.com.br\/index.php\/wp-json\/wp\/v2\/posts\/68933","targetHints":{"allow":["GET"]}}],"collection":[{"href":"https:\/\/blogdoedvaldomagalhaes.com.br\/index.php\/wp-json\/wp\/v2\/posts"}],"about":[{"href":"https:\/\/blogdoedvaldomagalhaes.com.br\/index.php\/wp-json\/wp\/v2\/types\/post"}],"author":[{"embeddable":true,"href":"https:\/\/blogdoedvaldomagalhaes.com.br\/index.php\/wp-json\/wp\/v2\/users\/1"}],"replies":[{"embeddable":true,"href":"https:\/\/blogdoedvaldomagalhaes.com.br\/index.php\/wp-json\/wp\/v2\/comments?post=68933"}],"version-history":[{"count":1,"href":"https:\/\/blogdoedvaldomagalhaes.com.br\/index.php\/wp-json\/wp\/v2\/posts\/68933\/revisions"}],"predecessor-version":[{"id":68935,"href":"https:\/\/blogdoedvaldomagalhaes.com.br\/index.php\/wp-json\/wp\/v2\/posts\/68933\/revisions\/68935"}],"wp:featuredmedia":[{"embeddable":true,"href":"https:\/\/blogdoedvaldomagalhaes.com.br\/index.php\/wp-json\/wp\/v2\/media\/68934"}],"wp:attachment":[{"href":"https:\/\/blogdoedvaldomagalhaes.com.br\/index.php\/wp-json\/wp\/v2\/media?parent=68933"}],"wp:term":[{"taxonomy":"category","embeddable":true,"href":"https:\/\/blogdoedvaldomagalhaes.com.br\/index.php\/wp-json\/wp\/v2\/categories?post=68933"},{"taxonomy":"post_tag","embeddable":true,"href":"https:\/\/blogdoedvaldomagalhaes.com.br\/index.php\/wp-json\/wp\/v2\/tags?post=68933"}],"curies":[{"name":"wp","href":"https:\/\/api.w.org\/{rel}","templated":true}]}}