{"id":68925,"date":"2021-04-15T18:55:45","date_gmt":"2021-04-15T21:55:45","guid":{"rendered":"https:\/\/blogdoedvaldomagalhaes.com.br\/?p=68925"},"modified":"2021-04-15T18:55:46","modified_gmt":"2021-04-15T21:55:46","slug":"anderson-correia-solicita-retorno-gradual-de-eventos-sociais-ao-governo-do-estado","status":"publish","type":"post","link":"https:\/\/blogdoedvaldomagalhaes.com.br\/index.php\/2021\/04\/15\/anderson-correia-solicita-retorno-gradual-de-eventos-sociais-ao-governo-do-estado\/","title":{"rendered":"Anderson Correia solicita retorno gradual de eventos sociais ao Governo do Estado"},"content":{"rendered":"<p style=\"text-align: justify;\"><span style=\"font-size: inherit;\">Foi protocolada nesta quinta-feira (15), pelo vereador Anderson Correia (PPw), uma indica\u00e7\u00e3o ao Governo do Estado, extensiva ao Secret\u00e1rio de Sa\u00fade do Estado de Pernambuco, Andr\u00e9 Longo e ao Secret\u00e1rio de Desenvolvimento Econ\u00f4mico do Estado de Pernambuco, Geraldo J\u00falio, solicitando o retorno gradual dos eventos sociais ou a equipara\u00e7\u00e3o destes, com o funcionamento de bares e restaurantes, durante a pandemia.<\/span><\/p>\n<p style=\"text-align: justify;\">O parlamentar argumenta na proposi\u00e7\u00e3o, que \u201ccom o fim dos eventos sociais durante a pandemia, muitos profissionais tiveram sua renda diminu\u00edda ou at\u00e9 zerada. A suspens\u00e3o dos eventos sociais prejudica uma categoria que vem sofrendo desde o in\u00edcio da cria\u00e7\u00e3o das medidas de isolamento social, a realiza\u00e7\u00e3o destes eventos em locais espec\u00edficos e seguindo todas as recomenda\u00e7\u00f5es sanit\u00e1rias se assemelha ao funcionamento de bares e restaurantes\u201d.<\/p>\n<p style=\"text-align: justify;\">Nesta pandemia, Anderson Correia tem sido atuante tamb\u00e9m em prol dos artistas caruaruenses. O edil fez o Anteprojeto de Lei para instituir o aux\u00edlio municipal emergencial \u201cS\u00e3o Jo\u00e3o Arretado\u201d, destinado \u00e0 concess\u00e3o de benef\u00edcio financeiro aos artistas locais que atuaram no S\u00e3o Jo\u00e3o de Caruaru em 2019.<\/p>\n","protected":false},"excerpt":{"rendered":"<p>Foi protocolada nesta quinta-feira (15), pelo vereador Anderson Correia (PPw), uma indica\u00e7\u00e3o ao Governo do Estado, extensiva ao Secret\u00e1rio de&hellip;<\/p>\n","protected":false},"author":1,"featured_media":68926,"comment_status":"open","ping_status":"open","sticky":false,"template":"","format":"standard","meta":{"footnotes":""},"categories":[14122],"tags":[21351,2,19532,1950],"class_list":["post-68925","post","type-post","status-publish","format-standard","has-post-thumbnail","hentry","category-politica","tag-anderson-correia-solicita-retorno-gradual-de-eventos-sociais-ao-governo-do-estado","tag-blog-do-edvaldo-magalhaes","tag-blog-mais-acessado-e-visualizado-de-caruaru-e-regiao","tag-noticias-de-caruaru"],"_links":{"self":[{"href":"https:\/\/blogdoedvaldomagalhaes.com.br\/index.php\/wp-json\/wp\/v2\/posts\/68925","targetHints":{"allow":["GET"]}}],"collection":[{"href":"https:\/\/blogdoedvaldomagalhaes.com.br\/index.php\/wp-json\/wp\/v2\/posts"}],"about":[{"href":"https:\/\/blogdoedvaldomagalhaes.com.br\/index.php\/wp-json\/wp\/v2\/types\/post"}],"author":[{"embeddable":true,"href":"https:\/\/blogdoedvaldomagalhaes.com.br\/index.php\/wp-json\/wp\/v2\/users\/1"}],"replies":[{"embeddable":true,"href":"https:\/\/blogdoedvaldomagalhaes.com.br\/index.php\/wp-json\/wp\/v2\/comments?post=68925"}],"version-history":[{"count":1,"href":"https:\/\/blogdoedvaldomagalhaes.com.br\/index.php\/wp-json\/wp\/v2\/posts\/68925\/revisions"}],"predecessor-version":[{"id":68927,"href":"https:\/\/blogdoedvaldomagalhaes.com.br\/index.php\/wp-json\/wp\/v2\/posts\/68925\/revisions\/68927"}],"wp:featuredmedia":[{"embeddable":true,"href":"https:\/\/blogdoedvaldomagalhaes.com.br\/index.php\/wp-json\/wp\/v2\/media\/68926"}],"wp:attachment":[{"href":"https:\/\/blogdoedvaldomagalhaes.com.br\/index.php\/wp-json\/wp\/v2\/media?parent=68925"}],"wp:term":[{"taxonomy":"category","embeddable":true,"href":"https:\/\/blogdoedvaldomagalhaes.com.br\/index.php\/wp-json\/wp\/v2\/categories?post=68925"},{"taxonomy":"post_tag","embeddable":true,"href":"https:\/\/blogdoedvaldomagalhaes.com.br\/index.php\/wp-json\/wp\/v2\/tags?post=68925"}],"curies":[{"name":"wp","href":"https:\/\/api.w.org\/{rel}","templated":true}]}}