{"id":68920,"date":"2021-04-15T14:26:12","date_gmt":"2021-04-15T17:26:12","guid":{"rendered":"https:\/\/blogdoedvaldomagalhaes.com.br\/?p=68920"},"modified":"2021-04-15T14:32:47","modified_gmt":"2021-04-15T17:32:47","slug":"vereador-jorge-quintino-realiza-visita-tecnica-a-ctr-caruaru-junto-com-executivo","status":"publish","type":"post","link":"https:\/\/blogdoedvaldomagalhaes.com.br\/index.php\/2021\/04\/15\/vereador-jorge-quintino-realiza-visita-tecnica-a-ctr-caruaru-junto-com-executivo\/","title":{"rendered":"Vereador Jorge Quintino realiza visita t\u00e9cnica \u00e0 CTR Caruaru junto com Executivo"},"content":{"rendered":"<p style=\"text-align: justify;\"><span style=\"font-size: inherit;\">O parlamentar Jorge Quintino, esteve na tarde desta quarta-feira (14), junto com o Secret\u00e1rio de Servi\u00e7os P\u00fablicos e Sustentabilidade, Ytalo Farias, realizando visita t\u00e9cnica e fiscaliza\u00e7\u00e3o \u00e0 Central de Tratamento de Res\u00edduos Caruaru &#8211; CTR.<\/span><\/p>\n<p style=\"text-align: justify;\">\u201cFiquei muito confiante com a nossa visita t\u00e9cnica, pois enquanto presidente da Comiss\u00e3o de Meio Ambiente no Legislativo, percebi avan\u00e7os para tornar Caruaru uma cidade cada vez mais sustent\u00e1vel. A CTR Caruaru, possui 82 hectares de \u00e1rea e utiliza as melhores t\u00e9cnicas de engenharia sanit\u00e1ria e ambiental para o tratamento e disposi\u00e7\u00e3o final de res\u00edduos s\u00f3lidos, sendo uma das mais modernas do setor, fiquei realmente impressionado\u201d, disse o vereador.<\/p>\n<p style=\"text-align: justify;\">Uma grande novidade para o munic\u00edpio \u00e9 a cria\u00e7\u00e3o de uma usina de biog\u00e1s, uma fonte de energia renov\u00e1vel (produzida atrav\u00e9s do lixo org\u00e2nico) e, portanto, inesgot\u00e1vel, sendo mais limpa que o g\u00e1s natural. A previs\u00e3o de conclus\u00e3o, de acordo com a CTR, \u00e9 para o pr\u00f3ximo m\u00eas.<\/p>\n\n\n<figure class=\"wp-block-image size-large\"><img loading=\"lazy\" decoding=\"async\" width=\"1024\" height=\"766\" src=\"https:\/\/blogdoedvaldomagalhaes.com.br\/wp-content\/uploads\/2021\/04\/IMG-20210415-WA0086-1024x766.jpg\" alt=\"\" class=\"wp-image-68923\" srcset=\"https:\/\/blogdoedvaldomagalhaes.com.br\/wp-content\/uploads\/2021\/04\/IMG-20210415-WA0086-1024x766.jpg 1024w, https:\/\/blogdoedvaldomagalhaes.com.br\/wp-content\/uploads\/2021\/04\/IMG-20210415-WA0086-300x225.jpg 300w, https:\/\/blogdoedvaldomagalhaes.com.br\/wp-content\/uploads\/2021\/04\/IMG-20210415-WA0086-768x575.jpg 768w, https:\/\/blogdoedvaldomagalhaes.com.br\/wp-content\/uploads\/2021\/04\/IMG-20210415-WA0086-160x120.jpg 160w, https:\/\/blogdoedvaldomagalhaes.com.br\/wp-content\/uploads\/2021\/04\/IMG-20210415-WA0086.jpg 1280w\" sizes=\"auto, (max-width: 1024px) 100vw, 1024px\" \/><\/figure>\n","protected":false},"excerpt":{"rendered":"<p>O parlamentar Jorge Quintino, esteve na tarde desta quarta-feira (14), junto com o Secret\u00e1rio de Servi\u00e7os P\u00fablicos e Sustentabilidade, Ytalo&hellip;<\/p>\n","protected":false},"author":1,"featured_media":68921,"comment_status":"open","ping_status":"open","sticky":false,"template":"","format":"standard","meta":{"footnotes":""},"categories":[14122],"tags":[2,19532,1950,20,21350],"class_list":["post-68920","post","type-post","status-publish","format-standard","has-post-thumbnail","hentry","category-politica","tag-blog-do-edvaldo-magalhaes","tag-blog-mais-acessado-e-visualizado-de-caruaru-e-regiao","tag-noticias-de-caruaru","tag-politica","tag-vereador-jorge-quintino-realiza-visita-tecnica-a-ctr-caruaru-junto-com-executivo"],"_links":{"self":[{"href":"https:\/\/blogdoedvaldomagalhaes.com.br\/index.php\/wp-json\/wp\/v2\/posts\/68920","targetHints":{"allow":["GET"]}}],"collection":[{"href":"https:\/\/blogdoedvaldomagalhaes.com.br\/index.php\/wp-json\/wp\/v2\/posts"}],"about":[{"href":"https:\/\/blogdoedvaldomagalhaes.com.br\/index.php\/wp-json\/wp\/v2\/types\/post"}],"author":[{"embeddable":true,"href":"https:\/\/blogdoedvaldomagalhaes.com.br\/index.php\/wp-json\/wp\/v2\/users\/1"}],"replies":[{"embeddable":true,"href":"https:\/\/blogdoedvaldomagalhaes.com.br\/index.php\/wp-json\/wp\/v2\/comments?post=68920"}],"version-history":[{"count":2,"href":"https:\/\/blogdoedvaldomagalhaes.com.br\/index.php\/wp-json\/wp\/v2\/posts\/68920\/revisions"}],"predecessor-version":[{"id":68924,"href":"https:\/\/blogdoedvaldomagalhaes.com.br\/index.php\/wp-json\/wp\/v2\/posts\/68920\/revisions\/68924"}],"wp:featuredmedia":[{"embeddable":true,"href":"https:\/\/blogdoedvaldomagalhaes.com.br\/index.php\/wp-json\/wp\/v2\/media\/68921"}],"wp:attachment":[{"href":"https:\/\/blogdoedvaldomagalhaes.com.br\/index.php\/wp-json\/wp\/v2\/media?parent=68920"}],"wp:term":[{"taxonomy":"category","embeddable":true,"href":"https:\/\/blogdoedvaldomagalhaes.com.br\/index.php\/wp-json\/wp\/v2\/categories?post=68920"},{"taxonomy":"post_tag","embeddable":true,"href":"https:\/\/blogdoedvaldomagalhaes.com.br\/index.php\/wp-json\/wp\/v2\/tags?post=68920"}],"curies":[{"name":"wp","href":"https:\/\/api.w.org\/{rel}","templated":true}]}}