{"id":68917,"date":"2021-04-15T12:46:52","date_gmt":"2021-04-15T15:46:52","guid":{"rendered":"https:\/\/blogdoedvaldomagalhaes.com.br\/?p=68917"},"modified":"2021-04-15T12:46:57","modified_gmt":"2021-04-15T15:46:57","slug":"deputado-lessa-se-reune-com-representantes-da-associacao-mundo-azul","status":"publish","type":"post","link":"https:\/\/blogdoedvaldomagalhaes.com.br\/index.php\/2021\/04\/15\/deputado-lessa-se-reune-com-representantes-da-associacao-mundo-azul\/","title":{"rendered":"Deputado Lessa se re\u00fane com representantes da Associa\u00e7\u00e3o Mundo Azul"},"content":{"rendered":"<p style=\"text-align: justify;\"><span style=\"font-size: inherit;\">O deputado estadual Erick Lessa (Progressistas) recebeu, em seu gabinete, representantes da Associa\u00e7\u00e3o Mundo Azul (AMA). A reuni\u00e3o ocorreu na manh\u00e3 desta quarta-feira (14). Entidade fundada em Caruaru no ano de 2019, a AMA tem o intuito de prestar assist\u00eancia a m\u00e3es de crian\u00e7as autistas.<\/span><\/p>\n<p style=\"text-align: justify;\">Na ocasi\u00e3o, o grupo apresentou algumas demandas ao parlamentar, com o objetivo de ampliar as garantias de direito \u00e0s pessoas com autismo. O deputado comprometeu-se a encaminhar as solicita\u00e7\u00f5es aos \u00f3rg\u00e3os respons\u00e1veis. \u201cOuvir a hist\u00f3ria de luta pelos direitos dessa comunidade muito me sensibilizou\u201d, relatou o parlamentar.<\/p>\n<p style=\"text-align: justify;\">Erick Lessa protocolou indica\u00e7\u00f5es em prol desta popula\u00e7\u00e3o. O parlamentar fez um apelo ao Governo do Estado para implementar um protocolo de laudos m\u00e9dicos de diagn\u00f3stico do Transtorno do Espectro Autista (TEA) com prazos indeterminados, auxiliando as fam\u00edlias a destravar quest\u00f5es burocr\u00e1ticas. Lessa tamb\u00e9m solicitou ao Estado para assegurar a gratuidade da emiss\u00e3o da 2\u00aa via do documento de identidade \u00e0s pessoas diagnosticadas com TEA. Atrav\u00e9s de indica\u00e7\u00e3o \u00e0 Prefeitura do Munic\u00edpio de Caruaru, o parlamentar solicitou autoriza\u00e7\u00e3o para que pessoas diagnosticadas com o transtorno possam emitir ou renovar o cart\u00e3o eletr\u00f4nico do transporte p\u00fablico (LEVA) reconhecendo o laudo m\u00e9dico como car\u00e1ter permanente.<\/p>\n<p style=\"text-align: justify;\">Foto: Viliane Gomes<\/p>\n","protected":false},"excerpt":{"rendered":"<p>O deputado estadual Erick Lessa (Progressistas) recebeu, em seu gabinete, representantes da Associa\u00e7\u00e3o Mundo Azul (AMA). A reuni\u00e3o ocorreu na&hellip;<\/p>\n","protected":false},"author":1,"featured_media":68918,"comment_status":"open","ping_status":"open","sticky":false,"template":"","format":"standard","meta":{"footnotes":""},"categories":[14122],"tags":[2,19532,21349,9402,20],"class_list":["post-68917","post","type-post","status-publish","format-standard","has-post-thumbnail","hentry","category-politica","tag-blog-do-edvaldo-magalhaes","tag-blog-mais-acessado-e-visualizado-de-caruaru-e-regiao","tag-deputado-lessa-se-reune-com-representantes-da-associacao-mundo-azul","tag-erick-lessa","tag-politica"],"_links":{"self":[{"href":"https:\/\/blogdoedvaldomagalhaes.com.br\/index.php\/wp-json\/wp\/v2\/posts\/68917","targetHints":{"allow":["GET"]}}],"collection":[{"href":"https:\/\/blogdoedvaldomagalhaes.com.br\/index.php\/wp-json\/wp\/v2\/posts"}],"about":[{"href":"https:\/\/blogdoedvaldomagalhaes.com.br\/index.php\/wp-json\/wp\/v2\/types\/post"}],"author":[{"embeddable":true,"href":"https:\/\/blogdoedvaldomagalhaes.com.br\/index.php\/wp-json\/wp\/v2\/users\/1"}],"replies":[{"embeddable":true,"href":"https:\/\/blogdoedvaldomagalhaes.com.br\/index.php\/wp-json\/wp\/v2\/comments?post=68917"}],"version-history":[{"count":1,"href":"https:\/\/blogdoedvaldomagalhaes.com.br\/index.php\/wp-json\/wp\/v2\/posts\/68917\/revisions"}],"predecessor-version":[{"id":68919,"href":"https:\/\/blogdoedvaldomagalhaes.com.br\/index.php\/wp-json\/wp\/v2\/posts\/68917\/revisions\/68919"}],"wp:featuredmedia":[{"embeddable":true,"href":"https:\/\/blogdoedvaldomagalhaes.com.br\/index.php\/wp-json\/wp\/v2\/media\/68918"}],"wp:attachment":[{"href":"https:\/\/blogdoedvaldomagalhaes.com.br\/index.php\/wp-json\/wp\/v2\/media?parent=68917"}],"wp:term":[{"taxonomy":"category","embeddable":true,"href":"https:\/\/blogdoedvaldomagalhaes.com.br\/index.php\/wp-json\/wp\/v2\/categories?post=68917"},{"taxonomy":"post_tag","embeddable":true,"href":"https:\/\/blogdoedvaldomagalhaes.com.br\/index.php\/wp-json\/wp\/v2\/tags?post=68917"}],"curies":[{"name":"wp","href":"https:\/\/api.w.org\/{rel}","templated":true}]}}