{"id":68912,"date":"2021-04-15T11:18:05","date_gmt":"2021-04-15T14:18:05","guid":{"rendered":"https:\/\/blogdoedvaldomagalhaes.com.br\/?p=68912"},"modified":"2021-04-15T11:30:19","modified_gmt":"2021-04-15T14:30:19","slug":"acidente-entre-carro-e-moto-em-caruaru-nesta-quinta-feira-15","status":"publish","type":"post","link":"https:\/\/blogdoedvaldomagalhaes.com.br\/index.php\/2021\/04\/15\/acidente-entre-carro-e-moto-em-caruaru-nesta-quinta-feira-15\/","title":{"rendered":"Acidente entre carro e moto em Caruaru nesta quinta-feira (15)"},"content":{"rendered":"<p style=\"text-align: justify;\">Um acidente de tr\u00e2nsito envolvendo um ve\u00edculo Ecosport e uma motocicleta Biz, ocorreu na manh\u00e3 desta quinta-feira (15), no cruzamento das ruas Dalto Santos e Fagundes Varela, no bairro S\u00e3o Francisco, em Caruaru.<\/p>\n<p style=\"text-align: justify;\">Uma equipe do SAMU esteve no local, prestou os primeiros socorros a motociclista Manoela Alves, que teve algumas escoria\u00e7\u00f5es nos bra\u00e7os e foi levada para uma unidade hospitalar. A v\u00edtima foi medicada e j\u00e1 se encontra em sua re<span style=\"font-size: inherit;\">sid\u00eancia no Posto Agamenon Magalh\u00e3es.<\/span><\/p>\n","protected":false},"excerpt":{"rendered":"<p>Um acidente de tr\u00e2nsito envolvendo um ve\u00edculo Ecosport e uma motocicleta Biz, ocorreu na manh\u00e3 desta quinta-feira (15), no cruzamento&hellip;<\/p>\n","protected":false},"author":1,"featured_media":68913,"comment_status":"open","ping_status":"open","sticky":false,"template":"","format":"standard","meta":{"footnotes":""},"categories":[14120],"tags":[21348,2,19532,1950],"class_list":["post-68912","post","type-post","status-publish","format-standard","has-post-thumbnail","hentry","category-noticias","tag-acidente-entre-carro-e-moto-em-caruaru-nesta-quinta-feira-15","tag-blog-do-edvaldo-magalhaes","tag-blog-mais-acessado-e-visualizado-de-caruaru-e-regiao","tag-noticias-de-caruaru"],"_links":{"self":[{"href":"https:\/\/blogdoedvaldomagalhaes.com.br\/index.php\/wp-json\/wp\/v2\/posts\/68912","targetHints":{"allow":["GET"]}}],"collection":[{"href":"https:\/\/blogdoedvaldomagalhaes.com.br\/index.php\/wp-json\/wp\/v2\/posts"}],"about":[{"href":"https:\/\/blogdoedvaldomagalhaes.com.br\/index.php\/wp-json\/wp\/v2\/types\/post"}],"author":[{"embeddable":true,"href":"https:\/\/blogdoedvaldomagalhaes.com.br\/index.php\/wp-json\/wp\/v2\/users\/1"}],"replies":[{"embeddable":true,"href":"https:\/\/blogdoedvaldomagalhaes.com.br\/index.php\/wp-json\/wp\/v2\/comments?post=68912"}],"version-history":[{"count":3,"href":"https:\/\/blogdoedvaldomagalhaes.com.br\/index.php\/wp-json\/wp\/v2\/posts\/68912\/revisions"}],"predecessor-version":[{"id":68916,"href":"https:\/\/blogdoedvaldomagalhaes.com.br\/index.php\/wp-json\/wp\/v2\/posts\/68912\/revisions\/68916"}],"wp:featuredmedia":[{"embeddable":true,"href":"https:\/\/blogdoedvaldomagalhaes.com.br\/index.php\/wp-json\/wp\/v2\/media\/68913"}],"wp:attachment":[{"href":"https:\/\/blogdoedvaldomagalhaes.com.br\/index.php\/wp-json\/wp\/v2\/media?parent=68912"}],"wp:term":[{"taxonomy":"category","embeddable":true,"href":"https:\/\/blogdoedvaldomagalhaes.com.br\/index.php\/wp-json\/wp\/v2\/categories?post=68912"},{"taxonomy":"post_tag","embeddable":true,"href":"https:\/\/blogdoedvaldomagalhaes.com.br\/index.php\/wp-json\/wp\/v2\/tags?post=68912"}],"curies":[{"name":"wp","href":"https:\/\/api.w.org\/{rel}","templated":true}]}}