{"id":68909,"date":"2021-04-15T10:14:15","date_gmt":"2021-04-15T13:14:15","guid":{"rendered":"https:\/\/blogdoedvaldomagalhaes.com.br\/?p=68909"},"modified":"2021-04-15T10:14:16","modified_gmt":"2021-04-15T13:14:16","slug":"homicidios-caem-novamente-em-pernambuco-e-ficam-no-menor-patamar-de-toda-a-serie-historica","status":"publish","type":"post","link":"https:\/\/blogdoedvaldomagalhaes.com.br\/index.php\/2021\/04\/15\/homicidios-caem-novamente-em-pernambuco-e-ficam-no-menor-patamar-de-toda-a-serie-historica\/","title":{"rendered":"Homic\u00eddios caem novamente em Pernambuco e ficam no menor patamar de toda a s\u00e9rie hist\u00f3rica"},"content":{"rendered":"<p style=\"text-align: justify;\">Acompanhando os crimes patrimoniais, os homic\u00eddios tiveram, em mar\u00e7o, a terceira queda consecutiva em 2021. O m\u00eas passado, com 276 mortes, foi o mar\u00e7o menos violento em Pernambuco desde que os crimes contra a vida passaram a ser contabilizados no Estado, em 2004. A s\u00e9rie hist\u00f3rica possui 18 mar\u00e7os, e o deste ano apresentou o mais baixo patamar de assassinatos. Na linha do tempo, os terceiros meses com cen\u00e1rio semelhante ocorreram em 2013 (285) e 2012 (291), bi\u00eanio de indicadores mais baixos de perdas de vidas para a viol\u00eancia na trajet\u00f3ria do Pacto pela Vida (confira dados completos abaixo). Em compara\u00e7\u00e3o ao mesmo per\u00edodo de 2020 (363), a redu\u00e7\u00e3o foi de 24%, correspondente \u00e0 preserva\u00e7\u00e3o de 87 vidas nesses 31 dias.<\/p>\n<p>A retra\u00e7\u00e3o dos Crimes Violentos Letais Intencionais (CVLIs) foi hist\u00f3rica tamb\u00e9m na an\u00e1lise do 1\u00ba trimestre de 2021, que teve o menor quantitativo de mortes em 7 anos. Entre janeiro e mar\u00e7o deste ano, 834 pessoas perderam a vida em homic\u00eddios. Em toda a s\u00e9rie hist\u00f3rica de estat\u00edsticas criminais da Secretaria de Defesa Social do Estado (SDS), este \u00e9 o segundo menor \u00edndice dos primeiros tr\u00eas meses de cada ano. Apenas em 2014 houve menos casos, com 828. Em compara\u00e7\u00e3o com 2020, quando ocorreram 994 mortes violentas no trimestre, este ano a diferen\u00e7a foi de -16,1%.<\/p>\n<p>\u201cTemos a plena consci\u00eancia de que ainda estamos distantes de uma sociedade livre da viol\u00eancia. Crimes de proximidade, intoler\u00e2ncia, viol\u00eancias contra mulher, crian\u00e7a e idosos, disputa pelo tr\u00e1fico de drogas e a\u00e7\u00e3o de grupos criminosos s\u00e3o um grande desafio para a seguran\u00e7a p\u00fablica e motivo de apreens\u00e3o por parte da sociedade. Mas temos de ter como refer\u00eancia a nossa realidade social e o comportamento estat\u00edstico ao longo dos anos no Estado para avaliar a efetividade das nossas a\u00e7\u00f5es. Estamos falando de um longo per\u00edodo, com suas variantes e contextos espec\u00edficos. Podem argumentar que a pandemia \u00e9 respons\u00e1vel pela redu\u00e7\u00e3o. Mas vimos o isolamento social fazer os assassinatos crescerem em todo o pa\u00eds, no ano de 2020. Podemos falar do trabalho das for\u00e7as de seguran\u00e7a de Pernambuco, incans\u00e1veis no combate ao crime. S\u00f3 em mar\u00e7o, 224 homicidas foram presos, sendo 86 em flagrante.\u00a0 Isso mostra com clareza que os criminosos n\u00e3o param, e os nossos agentes da seguran\u00e7a param menos ainda\u201d, argumenta o secret\u00e1rio de Defesa Social, Antonio de P\u00e1dua.<\/p>\n<p><b>RECORTES REGIONAIS<\/b>\u00a0&#8211; A queda no n\u00famero de homic\u00eddios, no acumulado do ano, foi liderada pelo Agreste, com uma diferen\u00e7a de -27,73%, caindo de 238 para 172 crimes. Na sequ\u00eancia, v\u00eam a Zona da Mata (-24,66%), o Sert\u00e3o (-13,04%) e a Regi\u00e3o Metropolitana (-12,54%). Comparando os meses de mar\u00e7o dos anos de 2020 e 2021, a Zona da Mata teve a maior redu\u00e7\u00e3o no n\u00famero de homic\u00eddios (-41,77%), seguida pelo Agreste (-35,56%), Regi\u00e3o Metropolitana (-25,21%) e Sert\u00e3o (-8,82%).<\/p>\n<p><b>MENOS VIOL\u00caNCIA CONTRA A MULHER E ESTUPROS\u00a0<\/b>&#8211; Pernambuco fecha o 1\u00ba trimestre com redu\u00e7\u00e3o nos crimes de estupro e viol\u00eancia dom\u00e9stica contra a mulher. No acumulado do ano de 2021, foram registrados 585 estupros contra 633 do ano passado, o que representa uma redu\u00e7\u00e3o de -7,58%. Os crimes de viol\u00eancia contra a mulher tamb\u00e9m apresentaram\u00a0 retra\u00e7\u00e3o no 1\u00b0 trimestre deste ano, com 10.761 queixas contra 10.971 no mesmo per\u00edodo do ano passado, o que corresponde a uma diminui\u00e7\u00e3o de -1,91%.<\/p>\n<p><b>Rela\u00e7\u00e3o dos 98 munic\u00edpios sem CVLI em mar\u00e7o de 2021<\/b><br \/>\nAfogados da Ingazeira, Afr\u00e2nio, Agrestina, Alagoinha, Altinho, Amaraji, Angelim, Ara\u00e7oiaba, Barra de Guabiraba, Bel\u00e9m de S\u00e3o Francisco, Belo Jardim, Bet\u00e2nia, Bodoc\u00f3, Brej\u00e3o, Brejinho, Buenos Aires, Bu\u00edque, Cabrob\u00f3, Caet\u00e9s, Cal\u00e7ado, Calumbi, Camocim de S\u00e3o F\u00e9lix, Camutanga, Canhotinho, Carnaubeira da Penha, Carpina, Casinhas, Catende, Ch\u00e3 de Alegria, Condado, Correntes, Cort\u00eas, Cupira, Dormentes, Exu, Feira Nova, Fernando de Noronha, Flores, Frei Miguelinho, Gameleira, Granito, Iati, Ibimirim, Iguaraci, Inaj\u00e1, Ingazeira, Itacuruba, Ita\u00edba, Itapetim, Jaqueira, Jo\u00e3o Alfredo, Joaquim Nabuco, Lagoa do Carro, Lagoa do Itaenga, Lagoa do Ouro, Lagoa dos Gatos, Lagoa Grande, Macaparana, Machados, Manari, Mirandiba, Moreil\u00e2ndia, Orob\u00f3, Oroc\u00f3, Ouricuri, Palmeirina, Passira, Pedra, Petrol\u00e2ndia, Po\u00e7\u00e3o, Primavera, Quipap\u00e1, Quixaba, Riacho das Almas, Rio Formoso, Sair\u00e9, Salgadinho, Salgueiro, Santa Cruz, Santa Cruz da Baixa Verde, Santa Maria do Cambuc\u00e1, S\u00e3o Benedito do Sul, S\u00e3o Jo\u00e3o, S\u00e3o Joaquim do Monte, S\u00e3o Jos\u00e9 do Egito, Serrita, Solid\u00e3o, Tacaimb\u00f3, Tacaratu, Trindade, Triunfo, Tupanatinga, Tuparetama, Venturosa, Verdejante, Vertente do L\u00e9rio, Vertentes e Vic\u00eancia.<\/p>\n<p><b>S\u00e9rie hist\u00f3rica de CVLIs em Pernambuco, para os meses de mar\u00e7o (2004 a 2021):<\/b><\/p>\n<p>2004 &#8211; 331<br \/>\n2005 &#8211; 382<br \/>\n2006 &#8211; 395<br \/>\n2007 &#8211; 426<br \/>\n2008 &#8211; 394<br \/>\n2009 &#8211; 372<br \/>\n2010 &#8211; 319<br \/>\n2011 &#8211; 333<br \/>\n2012 &#8211; 291<br \/>\n2013 &#8211; 285<br \/>\n2014 &#8211; 311<br \/>\n2015 &#8211; 335<br \/>\n2016 &#8211; 395<br \/>\n2017 &#8211; 551<br \/>\n2018 &#8211; 369<br \/>\n2019 &#8211; 316<br \/>\n2020 &#8211; 363<br \/>\n2021 &#8211; 276<\/p>\n<p><b>CVLIS em Pernambuco nos primeiros trimestres de 2015 a 2021<\/b><\/p>\n<p>2015 &#8211; 983<br \/>\n2016 &#8211; 1057<br \/>\n2017 &#8211; 1525<br \/>\n2018 &#8211; 1238<br \/>\n2019 &#8211; 897<br \/>\n2020 &#8211; 994<br \/>\n2021 &#8211; 834<\/p>\n","protected":false},"excerpt":{"rendered":"<p>Acompanhando os crimes patrimoniais, os homic\u00eddios tiveram, em mar\u00e7o, a terceira queda consecutiva em 2021. O m\u00eas passado, com 276&hellip;<\/p>\n","protected":false},"author":1,"featured_media":68910,"comment_status":"open","ping_status":"open","sticky":false,"template":"","format":"standard","meta":{"footnotes":""},"categories":[14120],"tags":[2,19532,5448,21347,6],"class_list":["post-68909","post","type-post","status-publish","format-standard","has-post-thumbnail","hentry","category-noticias","tag-blog-do-edvaldo-magalhaes","tag-blog-mais-acessado-e-visualizado-de-caruaru-e-regiao","tag-homicidio","tag-homicidios-caem-novamente-em-pernambuco-e-ficam-no-menor-patamar-de-toda-a-serie-historica","tag-noticias"],"_links":{"self":[{"href":"https:\/\/blogdoedvaldomagalhaes.com.br\/index.php\/wp-json\/wp\/v2\/posts\/68909","targetHints":{"allow":["GET"]}}],"collection":[{"href":"https:\/\/blogdoedvaldomagalhaes.com.br\/index.php\/wp-json\/wp\/v2\/posts"}],"about":[{"href":"https:\/\/blogdoedvaldomagalhaes.com.br\/index.php\/wp-json\/wp\/v2\/types\/post"}],"author":[{"embeddable":true,"href":"https:\/\/blogdoedvaldomagalhaes.com.br\/index.php\/wp-json\/wp\/v2\/users\/1"}],"replies":[{"embeddable":true,"href":"https:\/\/blogdoedvaldomagalhaes.com.br\/index.php\/wp-json\/wp\/v2\/comments?post=68909"}],"version-history":[{"count":1,"href":"https:\/\/blogdoedvaldomagalhaes.com.br\/index.php\/wp-json\/wp\/v2\/posts\/68909\/revisions"}],"predecessor-version":[{"id":68911,"href":"https:\/\/blogdoedvaldomagalhaes.com.br\/index.php\/wp-json\/wp\/v2\/posts\/68909\/revisions\/68911"}],"wp:featuredmedia":[{"embeddable":true,"href":"https:\/\/blogdoedvaldomagalhaes.com.br\/index.php\/wp-json\/wp\/v2\/media\/68910"}],"wp:attachment":[{"href":"https:\/\/blogdoedvaldomagalhaes.com.br\/index.php\/wp-json\/wp\/v2\/media?parent=68909"}],"wp:term":[{"taxonomy":"category","embeddable":true,"href":"https:\/\/blogdoedvaldomagalhaes.com.br\/index.php\/wp-json\/wp\/v2\/categories?post=68909"},{"taxonomy":"post_tag","embeddable":true,"href":"https:\/\/blogdoedvaldomagalhaes.com.br\/index.php\/wp-json\/wp\/v2\/tags?post=68909"}],"curies":[{"name":"wp","href":"https:\/\/api.w.org\/{rel}","templated":true}]}}