{"id":68895,"date":"2021-04-14T20:38:30","date_gmt":"2021-04-14T23:38:30","guid":{"rendered":"https:\/\/blogdoedvaldomagalhaes.com.br\/?p=68895"},"modified":"2021-04-14T22:02:55","modified_gmt":"2021-04-15T01:02:55","slug":"acidente-entre-carro-e-moto-com-vitima-fatal-na-pe-95-nesta-quarta-14","status":"publish","type":"post","link":"https:\/\/blogdoedvaldomagalhaes.com.br\/index.php\/2021\/04\/14\/acidente-entre-carro-e-moto-com-vitima-fatal-na-pe-95-nesta-quarta-14\/","title":{"rendered":"Acidente entre carro e moto com v\u00edtima fatal na PE-95 nesta quarta (14)"},"content":{"rendered":"<p style=\"text-align: justify;\">Um grave acidente de tr\u00e2nsito ocorreu na noite desta quarta-feira (14), no s\u00edtio Atalaia, zona rural de Riacho das Almas. Foi uma colis\u00e3o envolvendo um ve\u00edculo Prisma e uma motocicleta. O motorista do carro, n\u00e3o foi localizado pela pol\u00edcia no local.<\/p>\n<p style=\"text-align: justify;\">A v\u00edtima fatal foi Leandro Nunes de Souza, de 28 anos, que segundo informa\u00e7\u00f5es, trabalhava em uma loja em Caruaru, e retornava para sua resid\u00eancia em Riacho das Almas.\u00a0<\/p>\n<p style=\"text-align: justify;\">Chovia na hora do acidente. Ainda n\u00e3o h\u00e1 informa\u00e7\u00f5es sobre as causas da colis\u00e3o. Ap\u00f3s per\u00edcia, o corpo ser\u00e1 encaminhado para o Instituto de Medicina Legal (IML) de Caruaru.<\/p>\n\n\n<figure class=\"wp-block-image size-large\"><img loading=\"lazy\" decoding=\"async\" width=\"1024\" height=\"583\" src=\"https:\/\/blogdoedvaldomagalhaes.com.br\/wp-content\/uploads\/2021\/04\/Screenshot_20210414-2021492-1024x583.png\" alt=\"\" class=\"wp-image-68897\" srcset=\"https:\/\/blogdoedvaldomagalhaes.com.br\/wp-content\/uploads\/2021\/04\/Screenshot_20210414-2021492-1024x583.png 1024w, https:\/\/blogdoedvaldomagalhaes.com.br\/wp-content\/uploads\/2021\/04\/Screenshot_20210414-2021492-300x171.png 300w, https:\/\/blogdoedvaldomagalhaes.com.br\/wp-content\/uploads\/2021\/04\/Screenshot_20210414-2021492-768x437.png 768w, https:\/\/blogdoedvaldomagalhaes.com.br\/wp-content\/uploads\/2021\/04\/Screenshot_20210414-2021492.png 1080w\" sizes=\"auto, (max-width: 1024px) 100vw, 1024px\" \/><\/figure>\n\n\n\n<figure class=\"wp-block-image size-large\"><img loading=\"lazy\" decoding=\"async\" width=\"1024\" height=\"568\" src=\"https:\/\/blogdoedvaldomagalhaes.com.br\/wp-content\/uploads\/2021\/04\/Screenshot_20210414-2021252-1024x568.png\" alt=\"\" class=\"wp-image-68898\" srcset=\"https:\/\/blogdoedvaldomagalhaes.com.br\/wp-content\/uploads\/2021\/04\/Screenshot_20210414-2021252-1024x568.png 1024w, https:\/\/blogdoedvaldomagalhaes.com.br\/wp-content\/uploads\/2021\/04\/Screenshot_20210414-2021252-300x166.png 300w, https:\/\/blogdoedvaldomagalhaes.com.br\/wp-content\/uploads\/2021\/04\/Screenshot_20210414-2021252-768x426.png 768w, https:\/\/blogdoedvaldomagalhaes.com.br\/wp-content\/uploads\/2021\/04\/Screenshot_20210414-2021252.png 1080w\" sizes=\"auto, (max-width: 1024px) 100vw, 1024px\" \/><figcaption>Fotos: Reprodu\u00e7\u00e3o\/Internet<\/figcaption><\/figure>\n\n\n<p style=\"text-align: justify;\">Nota de falecimento<\/p>\n<p style=\"text-align: justify;\">\u00c9 com muita dor e tristeza, mas com muita F\u00e9 e esperan\u00e7a na Vida Eterna que comunico a P\u00e1scoa do meu querido afilhado, grande amigo e ex coroinha Leandro Nunes, ( v\u00edtima de um acidente de moto nesta noite de 14\/04:2021 em Riacho das Almas). <br>Leandro foi um Joven de f\u00e9, cora\u00e7\u00e3o puro e cheio de bondade, quando foi namorado de minha sobrinha Josicleide, minha fam\u00edlia conheceu sua pureza e grandeza de alma&#8230; na Igreja de Riacho das Almas, foi um bom Crist\u00e3o, um bom cat\u00f3lico, ex\u00edmio coroinha e um grande amigo. <br>Senti profundamente sua morte pr\u00e9- matura e repentina&#8230; sinto uma profunda dor e ao mesmo tempo o consolo de que ele estar\u00e1 na paz Eterna de Cristo Ressuscitado, que ele em vida buscou, serviu e adorou com toda pureza de sua f\u00e9. <br>Sou solid\u00e1rio na dor, mas tamb\u00e9m na esperan\u00e7a com seus pais e meus compadres Lucas e L\u00facia e seus irm\u00e3os Alex e La\u00eds, com seus amigos e com todos os riachenses que sentimos profundamente sua morte. <br>Meu querido e amado afilhado Leandro, v\u00e1 em paz, entre no repouso eterno do seu Senhor, seja acolhido no colo da M\u00e3e Maria Sant\u00edssima, at\u00e9 o dia em que encontrar-nos-emos no c\u00e9u e viveremos eternamente. Que Deus te acolha, te perdoe e te conceda a felicidade e a paz eterna. Do seu amigo e padrinho Padre Luiz Antonio da Silva Filho.<\/p>\n\n\n<figure class=\"wp-block-image size-large\"><img loading=\"lazy\" decoding=\"async\" width=\"380\" height=\"717\" src=\"https:\/\/blogdoedvaldomagalhaes.com.br\/wp-content\/uploads\/2021\/04\/IMG-20210414-WA0457.jpg\" alt=\"\" class=\"wp-image-68905\" srcset=\"https:\/\/blogdoedvaldomagalhaes.com.br\/wp-content\/uploads\/2021\/04\/IMG-20210414-WA0457.jpg 380w, https:\/\/blogdoedvaldomagalhaes.com.br\/wp-content\/uploads\/2021\/04\/IMG-20210414-WA0457-159x300.jpg 159w\" sizes=\"auto, (max-width: 380px) 100vw, 380px\" \/><figcaption>Leandro Nunes e o Padre Luiz Ant\u00f4nio <\/figcaption><\/figure>\n","protected":false},"excerpt":{"rendered":"<p>Um grave acidente de tr\u00e2nsito ocorreu na noite desta quarta-feira (14), no s\u00edtio Atalaia, zona rural de Riacho das Almas.&hellip;<\/p>\n","protected":false},"author":1,"featured_media":68896,"comment_status":"open","ping_status":"open","sticky":false,"template":"","format":"standard","meta":{"footnotes":""},"categories":[14120],"tags":[21346,2,19532,6],"class_list":["post-68895","post","type-post","status-publish","format-standard","has-post-thumbnail","hentry","category-noticias","tag-acidente-entre-carro-e-moto-com-vitima-fatal-na-pe-95-nesta-quarta-14","tag-blog-do-edvaldo-magalhaes","tag-blog-mais-acessado-e-visualizado-de-caruaru-e-regiao","tag-noticias"],"_links":{"self":[{"href":"https:\/\/blogdoedvaldomagalhaes.com.br\/index.php\/wp-json\/wp\/v2\/posts\/68895","targetHints":{"allow":["GET"]}}],"collection":[{"href":"https:\/\/blogdoedvaldomagalhaes.com.br\/index.php\/wp-json\/wp\/v2\/posts"}],"about":[{"href":"https:\/\/blogdoedvaldomagalhaes.com.br\/index.php\/wp-json\/wp\/v2\/types\/post"}],"author":[{"embeddable":true,"href":"https:\/\/blogdoedvaldomagalhaes.com.br\/index.php\/wp-json\/wp\/v2\/users\/1"}],"replies":[{"embeddable":true,"href":"https:\/\/blogdoedvaldomagalhaes.com.br\/index.php\/wp-json\/wp\/v2\/comments?post=68895"}],"version-history":[{"count":5,"href":"https:\/\/blogdoedvaldomagalhaes.com.br\/index.php\/wp-json\/wp\/v2\/posts\/68895\/revisions"}],"predecessor-version":[{"id":68908,"href":"https:\/\/blogdoedvaldomagalhaes.com.br\/index.php\/wp-json\/wp\/v2\/posts\/68895\/revisions\/68908"}],"wp:featuredmedia":[{"embeddable":true,"href":"https:\/\/blogdoedvaldomagalhaes.com.br\/index.php\/wp-json\/wp\/v2\/media\/68896"}],"wp:attachment":[{"href":"https:\/\/blogdoedvaldomagalhaes.com.br\/index.php\/wp-json\/wp\/v2\/media?parent=68895"}],"wp:term":[{"taxonomy":"category","embeddable":true,"href":"https:\/\/blogdoedvaldomagalhaes.com.br\/index.php\/wp-json\/wp\/v2\/categories?post=68895"},{"taxonomy":"post_tag","embeddable":true,"href":"https:\/\/blogdoedvaldomagalhaes.com.br\/index.php\/wp-json\/wp\/v2\/tags?post=68895"}],"curies":[{"name":"wp","href":"https:\/\/api.w.org\/{rel}","templated":true}]}}