{"id":6885,"date":"2017-02-02T14:14:00","date_gmt":"2017-02-02T16:14:00","guid":{"rendered":"http:\/\/blogdoedvaldomagalhaes.com.br\/index.php\/2017\/02\/02\/camara-de-caruaru-retorna-hoje-02-de\/"},"modified":"2019-02-09T01:15:39","modified_gmt":"2019-02-09T03:15:39","slug":"camara-de-caruaru-retorna-hoje-02-de","status":"publish","type":"post","link":"https:\/\/blogdoedvaldomagalhaes.com.br\/index.php\/2017\/02\/02\/camara-de-caruaru-retorna-hoje-02-de\/","title":{"rendered":"C\u00e2mara de Caruaru retorna hoje (02) de recesso"},"content":{"rendered":"<div class=\"separator\" style=\"clear: both; text-align: center;\">\n<a href=\"https:\/\/2.bp.blogspot.com\/-QLP6oUU7tA8\/WJM-SHitaWI\/AAAAAAAAOhQ\/InFRnyz9_WACFK7qSF_4j9efFSFt4tMwgCLcB\/s1600\/unnamed.jpeg\" imageanchor=\"1\" style=\"margin-left: 1em; margin-right: 1em;\"><img loading=\"lazy\" decoding=\"async\" border=\"0\" height=\"280\" src=\"http:\/\/blogdoedvaldomagalhaes.com.br\/wp-content\/uploads\/2017\/02\/unnamed.jpeg\" width=\"400\" \/><\/a><\/div>\n<div class=\"separator\" style=\"clear: both; text-align: center;\">\nFoto: Vladimir Barreto\/AscomC\u00e2mara<\/div>\n<div style=\"text-align: justify;\">\n<\/div>\n<div style=\"text-align: justify;\">\nCom o fim do recesso parlamentar, ocorrido entre os dias 23 de<br \/>\n      dezembro e 01 de fevereiro, a C\u00e2mara Municipal de Caruaru realiza<br \/>\n      \u00e0s 20h desta quinta-feira (02) a sua primeira reuni\u00e3o ordin\u00e1ria<br \/>\n      desta 17\u00aa legislatura.<\/div>\n<div style=\"text-align: justify;\">\n<\/div>\n<div style=\"text-align: justify;\">\nNesta primeira reuni\u00e3o n\u00e3o \u00e9 emitida a<br \/>\n      s\u00famula com a Ordem do Dia, pois n\u00e3o haver\u00e1 vota\u00e7\u00e3o de<br \/>\n      proposituras. A Ordem do Dia, segundo detalha o Regimento da C\u00e2mara, \u00e9 a parte da reuni\u00e3o onde acontecem &#8220;a discuss\u00e3o e a<br \/>\n      vota\u00e7\u00e3o das proposi\u00e7\u00f5es submetidas ao julgamento do Plen\u00e1rio e<br \/>\n      constantes da pauta organizada pela Secretaria&#8221; Legislativa. Isso<br \/>\n      s\u00f3 dever\u00e1 ocorrer na pr\u00f3xima reuni\u00e3o, ter\u00e7a-feira (07).<\/div>\n","protected":false},"excerpt":{"rendered":"<p>Foto: Vladimir Barreto\/AscomC\u00e2mara Com o fim do recesso parlamentar, ocorrido entre os dias 23 de dezembro e 01 de fevereiro,&hellip;<\/p>\n","protected":false},"author":1,"featured_media":0,"comment_status":"open","ping_status":"open","sticky":false,"template":"","format":"standard","meta":{"footnotes":""},"categories":[1],"tags":[9413,2,9414,8686,1686,20],"class_list":["post-6885","post","type-post","status-publish","format-standard","hentry","category-sem-categoria","tag-17a-legislatura","tag-blog-do-edvaldo-magalhaes","tag-camara-de-caruaru-retorna-hoje-02-de-recesso","tag-camara-municipal-de-caruaru","tag-lula-torres","tag-politica"],"_links":{"self":[{"href":"https:\/\/blogdoedvaldomagalhaes.com.br\/index.php\/wp-json\/wp\/v2\/posts\/6885","targetHints":{"allow":["GET"]}}],"collection":[{"href":"https:\/\/blogdoedvaldomagalhaes.com.br\/index.php\/wp-json\/wp\/v2\/posts"}],"about":[{"href":"https:\/\/blogdoedvaldomagalhaes.com.br\/index.php\/wp-json\/wp\/v2\/types\/post"}],"author":[{"embeddable":true,"href":"https:\/\/blogdoedvaldomagalhaes.com.br\/index.php\/wp-json\/wp\/v2\/users\/1"}],"replies":[{"embeddable":true,"href":"https:\/\/blogdoedvaldomagalhaes.com.br\/index.php\/wp-json\/wp\/v2\/comments?post=6885"}],"version-history":[{"count":1,"href":"https:\/\/blogdoedvaldomagalhaes.com.br\/index.php\/wp-json\/wp\/v2\/posts\/6885\/revisions"}],"predecessor-version":[{"id":16504,"href":"https:\/\/blogdoedvaldomagalhaes.com.br\/index.php\/wp-json\/wp\/v2\/posts\/6885\/revisions\/16504"}],"wp:attachment":[{"href":"https:\/\/blogdoedvaldomagalhaes.com.br\/index.php\/wp-json\/wp\/v2\/media?parent=6885"}],"wp:term":[{"taxonomy":"category","embeddable":true,"href":"https:\/\/blogdoedvaldomagalhaes.com.br\/index.php\/wp-json\/wp\/v2\/categories?post=6885"},{"taxonomy":"post_tag","embeddable":true,"href":"https:\/\/blogdoedvaldomagalhaes.com.br\/index.php\/wp-json\/wp\/v2\/tags?post=6885"}],"curies":[{"name":"wp","href":"https:\/\/api.w.org\/{rel}","templated":true}]}}