{"id":68720,"date":"2021-04-09T09:58:24","date_gmt":"2021-04-09T12:58:24","guid":{"rendered":"https:\/\/blogdoedvaldomagalhaes.com.br\/?p=68720"},"modified":"2021-04-09T09:58:29","modified_gmt":"2021-04-09T12:58:29","slug":"fagner-prepara-relatorio-com-problemas-encontrados-em-escolas-do-municipio","status":"publish","type":"post","link":"https:\/\/blogdoedvaldomagalhaes.com.br\/index.php\/2021\/04\/09\/fagner-prepara-relatorio-com-problemas-encontrados-em-escolas-do-municipio\/","title":{"rendered":"Fagner prepara relat\u00f3rio com problemas encontrados em escolas do munic\u00edpio"},"content":{"rendered":"<p style=\"text-align: justify;\"><span style=\"font-size: inherit;\">Ap\u00f3s visita realizada a unidades de ensino em Caruaru, o vereador Fagner Fernandes, l\u00edder da oposi\u00e7\u00e3o na C\u00e2mara, vai apresentar em relat\u00f3rio os problemas encontrados na Escola Municipal Professora Laura Flor\u00eancio e no Col\u00e9gio Municipal \u00c1lvaro Lins.<\/span><\/p>\n<p style=\"text-align: justify;\">Al\u00e9m de Fagner, estiveram presentes na visita o presidente do SISMUC, Eduardo Mendon\u00e7a e o educador f\u00edsico, Edmilson Augusto. Na oportunidade, foi observado o descaso com a \u00e1rea de esportes, que fica ao lado do Col\u00e9gio Municipal \u00c1lvaro Lins. A piscina est\u00e1 com \u00e1gua parada, o piso do gin\u00e1sio danificado, equipamentos sem manuten\u00e7\u00e3o e entulhos no local de uma obra inacabada. \u201cO espa\u00e7o se tornou foco do mosquito da dengue. A \u00e1rea esportiva precisa de uma aten\u00e7\u00e3o maior da gest\u00e3o. Mesmo n\u00e3o voltando \u00e0s aulas agora, n\u00e3o justifica encontrarmos o local sem cuidados\u201d, pontuou Edmilson.<\/p>\n<p style=\"text-align: justify;\">Tamb\u00e9m foi observado que o quadro de profissionais das unidades de ensino ainda n\u00e3o foi preenchido, com a convoca\u00e7\u00e3o de professores, merendeiras, porteiro, zelador entre outros, devido \u00e0s \u00faltimas demiss\u00f5es realizadas pelo Executivo Municipal. \u201cEssas visitas s\u00e3o importantes visto que em breve as aulas presenciais ir\u00e3o retornar, e n\u00e3o sabemos como est\u00e1 a estrutura de algumas unidades para receber os alunos. Falta manuten\u00e7\u00e3o em \u00e1reas espec\u00edficas e o mais grave, a dificuldade em completar o quadro de profissionais que v\u00e3o atuar nas escolas\u201d, explicou o vereador.<\/p>\n<p style=\"text-align: justify;\">Sobre os protocolos sanit\u00e1rios para a volta das aulas ainda este m\u00eas, as duas escolas est\u00e3o sendo adaptadas para receber os alunos, com instala\u00e7\u00e3o de totens para \u00e1lcool em gel e separa\u00e7\u00e3o das cadeiras dentro das salas.<\/p>\n<p style=\"text-align: justify;\">Acesse as Redes Sociais do vereador:<br \/>Instagram: @fagnerfernandesoficial<br \/>Facebook: Fagner Fernandes<\/p>\n\n\n<figure class=\"wp-block-image size-large\"><img loading=\"lazy\" decoding=\"async\" width=\"1024\" height=\"576\" src=\"https:\/\/blogdoedvaldomagalhaes.com.br\/wp-content\/uploads\/2021\/04\/IMG-20210409-WA0080-1024x576.jpg\" alt=\"\" class=\"wp-image-68722\" srcset=\"https:\/\/blogdoedvaldomagalhaes.com.br\/wp-content\/uploads\/2021\/04\/IMG-20210409-WA0080-1024x576.jpg 1024w, https:\/\/blogdoedvaldomagalhaes.com.br\/wp-content\/uploads\/2021\/04\/IMG-20210409-WA0080-300x169.jpg 300w, https:\/\/blogdoedvaldomagalhaes.com.br\/wp-content\/uploads\/2021\/04\/IMG-20210409-WA0080-768x432.jpg 768w, https:\/\/blogdoedvaldomagalhaes.com.br\/wp-content\/uploads\/2021\/04\/IMG-20210409-WA0080-720x405.jpg 720w, https:\/\/blogdoedvaldomagalhaes.com.br\/wp-content\/uploads\/2021\/04\/IMG-20210409-WA0080.jpg 1032w\" sizes=\"auto, (max-width: 1024px) 100vw, 1024px\" \/><\/figure>\n\n\n\n<figure class=\"wp-block-image size-large\"><img loading=\"lazy\" decoding=\"async\" width=\"1024\" height=\"576\" src=\"https:\/\/blogdoedvaldomagalhaes.com.br\/wp-content\/uploads\/2021\/04\/IMG-20210409-WA0087-1024x576.jpg\" alt=\"\" class=\"wp-image-68723\" srcset=\"https:\/\/blogdoedvaldomagalhaes.com.br\/wp-content\/uploads\/2021\/04\/IMG-20210409-WA0087-1024x576.jpg 1024w, https:\/\/blogdoedvaldomagalhaes.com.br\/wp-content\/uploads\/2021\/04\/IMG-20210409-WA0087-300x169.jpg 300w, https:\/\/blogdoedvaldomagalhaes.com.br\/wp-content\/uploads\/2021\/04\/IMG-20210409-WA0087-768x432.jpg 768w, https:\/\/blogdoedvaldomagalhaes.com.br\/wp-content\/uploads\/2021\/04\/IMG-20210409-WA0087-720x405.jpg 720w, https:\/\/blogdoedvaldomagalhaes.com.br\/wp-content\/uploads\/2021\/04\/IMG-20210409-WA0087.jpg 1032w\" sizes=\"auto, (max-width: 1024px) 100vw, 1024px\" \/><\/figure>\n\n\n\n<figure class=\"wp-block-image size-large\"><img loading=\"lazy\" decoding=\"async\" width=\"1024\" height=\"576\" src=\"https:\/\/blogdoedvaldomagalhaes.com.br\/wp-content\/uploads\/2021\/04\/IMG-20210409-WA0085-1024x576.jpg\" alt=\"\" class=\"wp-image-68724\" srcset=\"https:\/\/blogdoedvaldomagalhaes.com.br\/wp-content\/uploads\/2021\/04\/IMG-20210409-WA0085-1024x576.jpg 1024w, https:\/\/blogdoedvaldomagalhaes.com.br\/wp-content\/uploads\/2021\/04\/IMG-20210409-WA0085-300x169.jpg 300w, https:\/\/blogdoedvaldomagalhaes.com.br\/wp-content\/uploads\/2021\/04\/IMG-20210409-WA0085-768x432.jpg 768w, https:\/\/blogdoedvaldomagalhaes.com.br\/wp-content\/uploads\/2021\/04\/IMG-20210409-WA0085-720x405.jpg 720w, https:\/\/blogdoedvaldomagalhaes.com.br\/wp-content\/uploads\/2021\/04\/IMG-20210409-WA0085.jpg 1032w\" sizes=\"auto, (max-width: 1024px) 100vw, 1024px\" \/><\/figure>\n\n\n\n<figure class=\"wp-block-image size-large\"><img loading=\"lazy\" decoding=\"async\" width=\"1024\" height=\"576\" src=\"https:\/\/blogdoedvaldomagalhaes.com.br\/wp-content\/uploads\/2021\/04\/IMG-20210409-WA0084-1024x576.jpg\" alt=\"\" class=\"wp-image-68725\" srcset=\"https:\/\/blogdoedvaldomagalhaes.com.br\/wp-content\/uploads\/2021\/04\/IMG-20210409-WA0084-1024x576.jpg 1024w, https:\/\/blogdoedvaldomagalhaes.com.br\/wp-content\/uploads\/2021\/04\/IMG-20210409-WA0084-300x169.jpg 300w, https:\/\/blogdoedvaldomagalhaes.com.br\/wp-content\/uploads\/2021\/04\/IMG-20210409-WA0084-768x432.jpg 768w, https:\/\/blogdoedvaldomagalhaes.com.br\/wp-content\/uploads\/2021\/04\/IMG-20210409-WA0084-720x405.jpg 720w, https:\/\/blogdoedvaldomagalhaes.com.br\/wp-content\/uploads\/2021\/04\/IMG-20210409-WA0084.jpg 1032w\" sizes=\"auto, (max-width: 1024px) 100vw, 1024px\" \/><\/figure>\n\n\n\n<figure class=\"wp-block-image size-large\"><img loading=\"lazy\" decoding=\"async\" width=\"603\" height=\"494\" src=\"https:\/\/blogdoedvaldomagalhaes.com.br\/wp-content\/uploads\/2021\/04\/IMG-20210409-WA0086.jpg\" alt=\"\" class=\"wp-image-68726\" srcset=\"https:\/\/blogdoedvaldomagalhaes.com.br\/wp-content\/uploads\/2021\/04\/IMG-20210409-WA0086.jpg 603w, https:\/\/blogdoedvaldomagalhaes.com.br\/wp-content\/uploads\/2021\/04\/IMG-20210409-WA0086-300x246.jpg 300w\" sizes=\"auto, (max-width: 603px) 100vw, 603px\" \/><\/figure>\n\n\n\n<figure class=\"wp-block-image size-large\"><img loading=\"lazy\" decoding=\"async\" width=\"1024\" height=\"576\" src=\"https:\/\/blogdoedvaldomagalhaes.com.br\/wp-content\/uploads\/2021\/04\/IMG-20210409-WA0081-1024x576.jpg\" alt=\"\" class=\"wp-image-68727\" srcset=\"https:\/\/blogdoedvaldomagalhaes.com.br\/wp-content\/uploads\/2021\/04\/IMG-20210409-WA0081-1024x576.jpg 1024w, https:\/\/blogdoedvaldomagalhaes.com.br\/wp-content\/uploads\/2021\/04\/IMG-20210409-WA0081-300x169.jpg 300w, https:\/\/blogdoedvaldomagalhaes.com.br\/wp-content\/uploads\/2021\/04\/IMG-20210409-WA0081-768x432.jpg 768w, https:\/\/blogdoedvaldomagalhaes.com.br\/wp-content\/uploads\/2021\/04\/IMG-20210409-WA0081-720x405.jpg 720w, https:\/\/blogdoedvaldomagalhaes.com.br\/wp-content\/uploads\/2021\/04\/IMG-20210409-WA0081.jpg 1032w\" sizes=\"auto, (max-width: 1024px) 100vw, 1024px\" \/><\/figure>\n","protected":false},"excerpt":{"rendered":"<p>Ap\u00f3s visita realizada a unidades de ensino em Caruaru, o vereador Fagner Fernandes, l\u00edder da oposi\u00e7\u00e3o na C\u00e2mara, vai apresentar&hellip;<\/p>\n","protected":false},"author":1,"featured_media":68721,"comment_status":"open","ping_status":"open","sticky":false,"template":"","format":"standard","meta":{"footnotes":""},"categories":[14122],"tags":[2,19532,2945,21299,1950],"class_list":["post-68720","post","type-post","status-publish","format-standard","has-post-thumbnail","hentry","category-politica","tag-blog-do-edvaldo-magalhaes","tag-blog-mais-acessado-e-visualizado-de-caruaru-e-regiao","tag-fagner-fernandes","tag-fagner-prepara-relatorio-com-problemas-encontrados-em-escolas-do-municipio","tag-noticias-de-caruaru"],"_links":{"self":[{"href":"https:\/\/blogdoedvaldomagalhaes.com.br\/index.php\/wp-json\/wp\/v2\/posts\/68720","targetHints":{"allow":["GET"]}}],"collection":[{"href":"https:\/\/blogdoedvaldomagalhaes.com.br\/index.php\/wp-json\/wp\/v2\/posts"}],"about":[{"href":"https:\/\/blogdoedvaldomagalhaes.com.br\/index.php\/wp-json\/wp\/v2\/types\/post"}],"author":[{"embeddable":true,"href":"https:\/\/blogdoedvaldomagalhaes.com.br\/index.php\/wp-json\/wp\/v2\/users\/1"}],"replies":[{"embeddable":true,"href":"https:\/\/blogdoedvaldomagalhaes.com.br\/index.php\/wp-json\/wp\/v2\/comments?post=68720"}],"version-history":[{"count":1,"href":"https:\/\/blogdoedvaldomagalhaes.com.br\/index.php\/wp-json\/wp\/v2\/posts\/68720\/revisions"}],"predecessor-version":[{"id":68728,"href":"https:\/\/blogdoedvaldomagalhaes.com.br\/index.php\/wp-json\/wp\/v2\/posts\/68720\/revisions\/68728"}],"wp:featuredmedia":[{"embeddable":true,"href":"https:\/\/blogdoedvaldomagalhaes.com.br\/index.php\/wp-json\/wp\/v2\/media\/68721"}],"wp:attachment":[{"href":"https:\/\/blogdoedvaldomagalhaes.com.br\/index.php\/wp-json\/wp\/v2\/media?parent=68720"}],"wp:term":[{"taxonomy":"category","embeddable":true,"href":"https:\/\/blogdoedvaldomagalhaes.com.br\/index.php\/wp-json\/wp\/v2\/categories?post=68720"},{"taxonomy":"post_tag","embeddable":true,"href":"https:\/\/blogdoedvaldomagalhaes.com.br\/index.php\/wp-json\/wp\/v2\/tags?post=68720"}],"curies":[{"name":"wp","href":"https:\/\/api.w.org\/{rel}","templated":true}]}}