{"id":68714,"date":"2021-04-08T19:12:05","date_gmt":"2021-04-08T22:12:05","guid":{"rendered":"https:\/\/blogdoedvaldomagalhaes.com.br\/?p=68714"},"modified":"2021-04-08T19:12:06","modified_gmt":"2021-04-08T22:12:06","slug":"tony-gel-apresenta-voto-de-aplauso-para-o-supervisor-e-equipe-do-expresso-empreendedor-de-caruaru","status":"publish","type":"post","link":"https:\/\/blogdoedvaldomagalhaes.com.br\/index.php\/2021\/04\/08\/tony-gel-apresenta-voto-de-aplauso-para-o-supervisor-e-equipe-do-expresso-empreendedor-de-caruaru\/","title":{"rendered":"Tony Gel apresenta Voto de Aplauso para o supervisor e equipe do Expresso Empreendedor de Caruaru"},"content":{"rendered":"<p style=\"text-align: justify;\"><span style=\"font-size: inherit;\">O Deputado Estadual Tony Gel (MDB), solicitou que seja formulado um Voto de Aplauso pelo excelente trabalho desenvolvido pelo supervisor ALMIR BARBOSA, juntamente com a sua equipe, no Expresso Empreendedor de Caruaru, que nos \u00faltimos anos tem alcan\u00e7ado recordes na formaliza\u00e7\u00e3o de MEI &#8211; Micro Empreendedor Individual, sendo a mais produtiva do Estado.<\/span><\/p>\n<p style=\"text-align: justify;\">O parlamentar destacou que a referida unidade \u00e9 um espa\u00e7o que auxilia na formaliza\u00e7\u00e3o e desenvolvimento de pequenos neg\u00f3cios. E que no local, \u00e9 poss\u00edvel obter orienta\u00e7\u00e3o sobre cadastro de Microempreendedor\u00a0 Individual (MEI), fechamento ou baixa de empresas, fazer altera\u00e7\u00e3o de dados cadastrais, emiss\u00e3o de documentos, declara\u00e7\u00e3o anual de faturamento, orienta\u00e7\u00f5es cont\u00e1beis e\u00a0 financeiras e orienta\u00e7\u00f5es sobre linhas de cr\u00e9dito oferecidas pela Ag\u00eancia de Empreendedorismo de Pernambuco (AGE).<\/p>\n<p style=\"text-align: justify;\">Tony Gel lembrou qye segundo a Secretaria do Trabalho, Emprego e Qualifica\u00e7\u00e3o do Estado, o n\u00famero de formaliza\u00e7\u00e3o na unidade de Caruaru alcan\u00e7ou, em 2020, a marca de 18.426 MEI&#8217;s. . Isso significa 54% do n\u00famero alcan\u00e7ado em todo o Agreste Central, ou seja, uma m\u00e9dia de\u00a0 ades\u00e3o de 1,5 mil por m\u00eas. E que em janeiro e fevereiro de 2021, a unidade prestou mais de oito mil servi\u00e7os aos\u00a0 empreendedores e, neste m\u00eas de mar\u00e7o, j\u00e1 existem 19.071 pessoas cadastradas como MEI\u00a0 em Caruaru.<\/p>\n<p style=\"text-align: justify;\">&#8220;JOS\u00c9 ALMIR BARBOSA DOS SANTOS \u00e9 bacharel em Direito, foi secret\u00e1rio adjunto de educa\u00e7\u00e3o em nossa gest\u00e3o, \u00e9 um servidor p\u00fablico competente, dedicado e vem no Expresso do Empreendedor de Caruaru, realizando um trabalho que tem alcan\u00e7ando excelentes resultados. E, nada mais justo do que reconhecer o excelente trabalho realizado por Almir Barbosa e sua equipe, prestando uma homenagem atrav\u00e9s do Voto de Aplauso desta\u00a0 Casa\u00a0Legislativa&#8221; disse Tony Gel.<\/p>\n","protected":false},"excerpt":{"rendered":"<p>O Deputado Estadual Tony Gel (MDB), solicitou que seja formulado um Voto de Aplauso pelo excelente trabalho desenvolvido pelo supervisor&hellip;<\/p>\n","protected":false},"author":1,"featured_media":68715,"comment_status":"open","ping_status":"open","sticky":false,"template":"","format":"standard","meta":{"footnotes":""},"categories":[14122],"tags":[21297,2,19532,1923,1950,21296],"class_list":["post-68714","post","type-post","status-publish","format-standard","has-post-thumbnail","hentry","category-politica","tag-almir-barbosa","tag-blog-do-edvaldo-magalhaes","tag-blog-mais-acessado-e-visualizado-de-caruaru-e-regiao","tag-miriam-lacerda","tag-noticias-de-caruaru","tag-tony-gel-apresenta-voto-de-aplauso-para-o-supervisor-e-equipe-do-expresso-empreendedor-de-caruaru"],"_links":{"self":[{"href":"https:\/\/blogdoedvaldomagalhaes.com.br\/index.php\/wp-json\/wp\/v2\/posts\/68714","targetHints":{"allow":["GET"]}}],"collection":[{"href":"https:\/\/blogdoedvaldomagalhaes.com.br\/index.php\/wp-json\/wp\/v2\/posts"}],"about":[{"href":"https:\/\/blogdoedvaldomagalhaes.com.br\/index.php\/wp-json\/wp\/v2\/types\/post"}],"author":[{"embeddable":true,"href":"https:\/\/blogdoedvaldomagalhaes.com.br\/index.php\/wp-json\/wp\/v2\/users\/1"}],"replies":[{"embeddable":true,"href":"https:\/\/blogdoedvaldomagalhaes.com.br\/index.php\/wp-json\/wp\/v2\/comments?post=68714"}],"version-history":[{"count":1,"href":"https:\/\/blogdoedvaldomagalhaes.com.br\/index.php\/wp-json\/wp\/v2\/posts\/68714\/revisions"}],"predecessor-version":[{"id":68716,"href":"https:\/\/blogdoedvaldomagalhaes.com.br\/index.php\/wp-json\/wp\/v2\/posts\/68714\/revisions\/68716"}],"wp:featuredmedia":[{"embeddable":true,"href":"https:\/\/blogdoedvaldomagalhaes.com.br\/index.php\/wp-json\/wp\/v2\/media\/68715"}],"wp:attachment":[{"href":"https:\/\/blogdoedvaldomagalhaes.com.br\/index.php\/wp-json\/wp\/v2\/media?parent=68714"}],"wp:term":[{"taxonomy":"category","embeddable":true,"href":"https:\/\/blogdoedvaldomagalhaes.com.br\/index.php\/wp-json\/wp\/v2\/categories?post=68714"},{"taxonomy":"post_tag","embeddable":true,"href":"https:\/\/blogdoedvaldomagalhaes.com.br\/index.php\/wp-json\/wp\/v2\/tags?post=68714"}],"curies":[{"name":"wp","href":"https:\/\/api.w.org\/{rel}","templated":true}]}}