{"id":68710,"date":"2021-04-08T18:14:24","date_gmt":"2021-04-08T21:14:24","guid":{"rendered":"https:\/\/blogdoedvaldomagalhaes.com.br\/?p=68710"},"modified":"2021-04-08T18:14:28","modified_gmt":"2021-04-08T21:14:28","slug":"pernambuco-tem-o-primeiro-trimestre-menos-violento-em-sete-anos","status":"publish","type":"post","link":"https:\/\/blogdoedvaldomagalhaes.com.br\/index.php\/2021\/04\/08\/pernambuco-tem-o-primeiro-trimestre-menos-violento-em-sete-anos\/","title":{"rendered":"Pernambuco tem o primeiro trimestre menos violento em sete anos"},"content":{"rendered":"<p style=\"text-align: justify;\"><span style=\"font-size: inherit;\">O governador Paulo C\u00e2mara comandou, nesta quinta-feira (08.04), mais uma reuni\u00e3o do Programa Pacto Pela Vida (PPV), na sede da Secretaria de Planejamento e Gest\u00e3o do Estado (Seplag). No encontro, foram analisados os dados referentes ao 1\u00ba trimestre de 2021, que indicaram uma redu\u00e7\u00e3o de aproximadamente 16% no n\u00famero de v\u00edtimas de Crimes Violentos Letais Intencionais (CVLIs), em rela\u00e7\u00e3o ao per\u00edodo correspondente de 2020. Estat\u00edsticas de mar\u00e7o tamb\u00e9m indicam o 43\u00ba m\u00eas consecutivo de redu\u00e7\u00e3o nos roubos e furtos no Estado.<\/span><\/p>\n<p style=\"text-align: justify;\">\u201cTivemos uma redu\u00e7\u00e3o expressiva no m\u00eas de mar\u00e7o. Isso mostra que o caminho planejado est\u00e1 dando resultados. S\u00e3o fam\u00edlias, comunidades, bairros e munic\u00edpios que est\u00e3o sendo protegidos da a\u00e7\u00e3o criminosa, da dolorosa perda de entes queridos. Temos de perseguir obstinadamente a seguran\u00e7a e a tranquilidade das pessoas\u201d, destacou Paulo C\u00e2mara.<\/p>\n<p style=\"text-align: justify;\">Considerando toda a s\u00e9rie hist\u00f3rica do Pacto Pela Vida, os primeiros tr\u00eas meses deste ano registraram o menor n\u00famero de homic\u00eddios desde 2014, quando ocorreram 828 CVLIs. Estat\u00edsticas ainda preliminares apontam para 833 CVLIs este ano \u2013 a divulga\u00e7\u00e3o completa ser\u00e1 feita no dia 15 de abril.<\/p>\n<p style=\"text-align: justify;\">Em rela\u00e7\u00e3o aos Crimes Violentos contra o Patrim\u00f4nio (CVPs), Pernambuco chegou, em mar\u00e7o, ao 43\u00ba m\u00eas consecutivo de redu\u00e7\u00e3o. No 1\u00ba trimestre, a retra\u00e7\u00e3o de roubos e furtos foi de aproximadamente 25% em compara\u00e7\u00e3o ao mesmo per\u00edodo de 2020. Na an\u00e1lise do m\u00eas de mar\u00e7o, o recuo foi de cerca de 20%.<\/p>\n<p style=\"text-align: justify;\">De acordo com o secret\u00e1rio de Defesa Social, Antonio de P\u00e1dua, mesmo diante de um cen\u00e1rio econ\u00f4mico bastante desfavor\u00e1vel o Estado continua fazendo a criminalidade recuar, obtendo indicadores importantes na garantia da normalidade no dia a dia das cidades. \u201cCasos de roubos e homic\u00eddios s\u00e3o investigados com rigor e os respons\u00e1veis s\u00e3o levados ao sistema de justi\u00e7a criminal. Nosso objetivo \u00e9 sempre ampliar o raio da preven\u00e7\u00e3o e fortalecer a contra resposta \u00e0queles que insistem em afrontar a lei e a paz social\u201d, ressaltou P\u00e1dua.<\/p>\n<p style=\"text-align: justify;\">Participaram tamb\u00e9m da reuni\u00e3o do PPV os secret\u00e1rios estaduais Alexandre Rebelo (Planejamento e Gest\u00e3o) e Cloves Benevides (Pol\u00edtica de Preven\u00e7\u00e3o \u00e0 Viol\u00eancia e \u00e0s Drogas).<\/p>\n\n\n<figure class=\"wp-block-image size-large\"><img loading=\"lazy\" decoding=\"async\" width=\"1024\" height=\"578\" src=\"https:\/\/blogdoedvaldomagalhaes.com.br\/wp-content\/uploads\/2021\/04\/IMG-20210408-WA0128-1024x578.jpg\" alt=\"\" class=\"wp-image-68712\" srcset=\"https:\/\/blogdoedvaldomagalhaes.com.br\/wp-content\/uploads\/2021\/04\/IMG-20210408-WA0128-1024x578.jpg 1024w, https:\/\/blogdoedvaldomagalhaes.com.br\/wp-content\/uploads\/2021\/04\/IMG-20210408-WA0128-300x169.jpg 300w, https:\/\/blogdoedvaldomagalhaes.com.br\/wp-content\/uploads\/2021\/04\/IMG-20210408-WA0128-768x433.jpg 768w, https:\/\/blogdoedvaldomagalhaes.com.br\/wp-content\/uploads\/2021\/04\/IMG-20210408-WA0128-720x405.jpg 720w, https:\/\/blogdoedvaldomagalhaes.com.br\/wp-content\/uploads\/2021\/04\/IMG-20210408-WA0128.jpg 1280w\" sizes=\"auto, (max-width: 1024px) 100vw, 1024px\" \/><figcaption>Fotos: Alu\u00edsio Moreira\/SEI<\/figcaption><\/figure>\n","protected":false},"excerpt":{"rendered":"<p>O governador Paulo C\u00e2mara comandou, nesta quinta-feira (08.04), mais uma reuni\u00e3o do Programa Pacto Pela Vida (PPV), na sede da&hellip;<\/p>\n","protected":false},"author":1,"featured_media":68711,"comment_status":"open","ping_status":"open","sticky":false,"template":"","format":"standard","meta":{"footnotes":""},"categories":[14120],"tags":[2,19532,999,21295],"class_list":["post-68710","post","type-post","status-publish","format-standard","has-post-thumbnail","hentry","category-noticias","tag-blog-do-edvaldo-magalhaes","tag-blog-mais-acessado-e-visualizado-de-caruaru-e-regiao","tag-paulo-camara","tag-pernambuco-tem-o-primeiro-trimestre-menos-violento-em-sete-anos"],"_links":{"self":[{"href":"https:\/\/blogdoedvaldomagalhaes.com.br\/index.php\/wp-json\/wp\/v2\/posts\/68710","targetHints":{"allow":["GET"]}}],"collection":[{"href":"https:\/\/blogdoedvaldomagalhaes.com.br\/index.php\/wp-json\/wp\/v2\/posts"}],"about":[{"href":"https:\/\/blogdoedvaldomagalhaes.com.br\/index.php\/wp-json\/wp\/v2\/types\/post"}],"author":[{"embeddable":true,"href":"https:\/\/blogdoedvaldomagalhaes.com.br\/index.php\/wp-json\/wp\/v2\/users\/1"}],"replies":[{"embeddable":true,"href":"https:\/\/blogdoedvaldomagalhaes.com.br\/index.php\/wp-json\/wp\/v2\/comments?post=68710"}],"version-history":[{"count":1,"href":"https:\/\/blogdoedvaldomagalhaes.com.br\/index.php\/wp-json\/wp\/v2\/posts\/68710\/revisions"}],"predecessor-version":[{"id":68713,"href":"https:\/\/blogdoedvaldomagalhaes.com.br\/index.php\/wp-json\/wp\/v2\/posts\/68710\/revisions\/68713"}],"wp:featuredmedia":[{"embeddable":true,"href":"https:\/\/blogdoedvaldomagalhaes.com.br\/index.php\/wp-json\/wp\/v2\/media\/68711"}],"wp:attachment":[{"href":"https:\/\/blogdoedvaldomagalhaes.com.br\/index.php\/wp-json\/wp\/v2\/media?parent=68710"}],"wp:term":[{"taxonomy":"category","embeddable":true,"href":"https:\/\/blogdoedvaldomagalhaes.com.br\/index.php\/wp-json\/wp\/v2\/categories?post=68710"},{"taxonomy":"post_tag","embeddable":true,"href":"https:\/\/blogdoedvaldomagalhaes.com.br\/index.php\/wp-json\/wp\/v2\/tags?post=68710"}],"curies":[{"name":"wp","href":"https:\/\/api.w.org\/{rel}","templated":true}]}}