{"id":6868,"date":"2017-02-04T12:12:00","date_gmt":"2017-02-04T14:12:00","guid":{"rendered":"http:\/\/blogdoedvaldomagalhaes.com.br\/index.php\/2017\/02\/04\/homem-assassinado-nesta-madrugada-e-3\/"},"modified":"2019-02-09T01:15:47","modified_gmt":"2019-02-09T03:15:47","slug":"homem-assassinado-nesta-madrugada-e-3","status":"publish","type":"post","link":"https:\/\/blogdoedvaldomagalhaes.com.br\/index.php\/2017\/02\/04\/homem-assassinado-nesta-madrugada-e-3\/","title":{"rendered":"Homem assassinado nesta madrugada em Caruaru"},"content":{"rendered":"<div class=\"separator\" style=\"clear: both; text-align: center;\">\n<a href=\"https:\/\/4.bp.blogspot.com\/-hsSNONH3rCU\/WJXE4l8OtEI\/AAAAAAAAOn4\/pmQVgGZPcpwoDw77ZfQM6B0A1o90cK3nwCLcB\/s1600\/crime.jpeg\" imageanchor=\"1\" style=\"margin-left: 1em; margin-right: 1em;\"><img loading=\"lazy\" decoding=\"async\" border=\"0\" height=\"297\" src=\"http:\/\/blogdoedvaldomagalhaes.com.br\/wp-content\/uploads\/2017\/02\/crime.jpeg\" width=\"400\" \/><\/a><\/div>\n<div class=\"MsoNormal\" style=\"background-color: white; color: #222222; font-family: Arial, Tahoma, Helvetica, FreeSans, sans-serif; font-size: 13.2px; text-align: justify;\">\n<\/div>\n<div class=\"MsoNormal\" style=\"background-color: white; color: #222222; font-family: Arial, Tahoma, Helvetica, FreeSans, sans-serif; font-size: 13.2px; text-align: justify;\">\nNa madrugada deste s\u00e1bado (05) um homem at\u00e9 o momento n\u00e3o identificado foi assassinado a tiros na avenida principal do bairro Cedro em Caruaru. Ele foi morto a tiros e segundo informa\u00e7\u00f5es o mesmo como equilibrista nos sem\u00e1foros aqui da cidade e at\u00e9 o momento o crime \u00e9 de autoria desconhecida.<\/div>\n<div class=\"MsoNormal\" style=\"background-color: white; color: #222222; font-family: Arial, Tahoma, Helvetica, FreeSans, sans-serif; font-size: 13.2px; text-align: justify;\">\n<\/div>\n<div class=\"MsoNormal\" style=\"background-color: white; color: #222222; font-family: Arial, Tahoma, Helvetica, FreeSans, sans-serif; font-size: 13.2px; text-align: justify;\">\nEste foi o 5\u00ba assassinato do m\u00eas de fevereiro e o 25\u00ba do ano em Caruaru e o corpo foi encaminhado para o IML local.<\/p>\n<p><\/p>\n<div class=\"separator\" style=\"clear: both; text-align: center;\">\n<a href=\"http:\/\/blogdoedvaldomagalhaes.com.br\/wp-content\/uploads\/2017\/02\/6-STR.jpg\" imageanchor=\"1\" style=\"clear: left; float: left; margin-bottom: 1em; margin-right: 1em;\"><img decoding=\"async\" border=\"0\" src=\"http:\/\/blogdoedvaldomagalhaes.com.br\/wp-content\/uploads\/2017\/02\/6-STR.jpg\" \/><\/a><\/div>\n<p><\/div>\n","protected":false},"excerpt":{"rendered":"<p>Na madrugada deste s\u00e1bado (05) um homem at\u00e9 o momento n\u00e3o identificado foi assassinado a tiros na avenida principal do&hellip;<\/p>\n","protected":false},"author":1,"featured_media":0,"comment_status":"open","ping_status":"open","sticky":false,"template":"","format":"standard","meta":{"footnotes":""},"categories":[1],"tags":[3833,992,8715,2522,13],"class_list":["post-6868","post","type-post","status-publish","format-standard","hentry","category-sem-categoria","tag-bairro-cedro","tag-blog-do-edvaldo-do-magalhaes","tag-homem-assassinado-nesta-madrugada-em-caruaru","tag-iml-caruaru","tag-policial"],"_links":{"self":[{"href":"https:\/\/blogdoedvaldomagalhaes.com.br\/index.php\/wp-json\/wp\/v2\/posts\/6868","targetHints":{"allow":["GET"]}}],"collection":[{"href":"https:\/\/blogdoedvaldomagalhaes.com.br\/index.php\/wp-json\/wp\/v2\/posts"}],"about":[{"href":"https:\/\/blogdoedvaldomagalhaes.com.br\/index.php\/wp-json\/wp\/v2\/types\/post"}],"author":[{"embeddable":true,"href":"https:\/\/blogdoedvaldomagalhaes.com.br\/index.php\/wp-json\/wp\/v2\/users\/1"}],"replies":[{"embeddable":true,"href":"https:\/\/blogdoedvaldomagalhaes.com.br\/index.php\/wp-json\/wp\/v2\/comments?post=6868"}],"version-history":[{"count":1,"href":"https:\/\/blogdoedvaldomagalhaes.com.br\/index.php\/wp-json\/wp\/v2\/posts\/6868\/revisions"}],"predecessor-version":[{"id":16551,"href":"https:\/\/blogdoedvaldomagalhaes.com.br\/index.php\/wp-json\/wp\/v2\/posts\/6868\/revisions\/16551"}],"wp:attachment":[{"href":"https:\/\/blogdoedvaldomagalhaes.com.br\/index.php\/wp-json\/wp\/v2\/media?parent=6868"}],"wp:term":[{"taxonomy":"category","embeddable":true,"href":"https:\/\/blogdoedvaldomagalhaes.com.br\/index.php\/wp-json\/wp\/v2\/categories?post=6868"},{"taxonomy":"post_tag","embeddable":true,"href":"https:\/\/blogdoedvaldomagalhaes.com.br\/index.php\/wp-json\/wp\/v2\/tags?post=6868"}],"curies":[{"name":"wp","href":"https:\/\/api.w.org\/{rel}","templated":true}]}}