{"id":68612,"date":"2021-04-05T19:57:19","date_gmt":"2021-04-05T22:57:19","guid":{"rendered":"https:\/\/blogdoedvaldomagalhaes.com.br\/?p=68612"},"modified":"2021-04-05T19:57:21","modified_gmt":"2021-04-05T22:57:21","slug":"secretaria-de-saude-pe-registra-709-novos-casos-de-covid-19-e-554-recuperados","status":"publish","type":"post","link":"https:\/\/blogdoedvaldomagalhaes.com.br\/index.php\/2021\/04\/05\/secretaria-de-saude-pe-registra-709-novos-casos-de-covid-19-e-554-recuperados\/","title":{"rendered":"Secretaria de Sa\u00fade-PE registra 709 novos casos de covid-19 e 554 recuperados"},"content":{"rendered":"<p style=\"text-align: justify;\"><span lang=\"PT\">A Secretaria Estadual de Sa\u00fade (SES-PE) registrou, nesta segunda-feira (05\/04), 709 casos da Covid-19. Entre os confirmados hoje, 93 (13%) s\u00e3o casos de S\u00edndrome Respirat\u00f3ria Aguda Grave (SRAG) e 616 (87%) leves. Agora, Pernambuco totaliza 356.326 casos confirmados da doen\u00e7a, sendo 36.682 graves e 319.644 leves, que est\u00e3o distribu\u00eddos por todos os 184 munic\u00edpios pernambucanos, al\u00e9m do arquip\u00e9lago de Fernando de Noronha.<\/span><\/p>\n<p style=\"text-align: justify;\"><span lang=\"PT\">Al\u00e9m disso, o boletim registra um total de 300.939 pacientes recuperados da doen\u00e7a. Destes, 21.165 eram pacientes graves, que necessitaram de internamento hospitalar, e 279.774 eram casos leves.<\/span><\/p>\n<p style=\"text-align: justify;\"><span lang=\"PT\">Tamb\u00e9m foram confirmados laboratorialmente 44 novos \u00f3bitos (26 femininos e 18 masculinos),\u00a0ocorridos entre os dias 09\/02\/2021 e 04\/04\/2021.\u00a0As novas mortes s\u00e3o de pessoas residentes dos munic\u00edpios de Afogados da Ingazeira (1), Araripina (1), Bom Conselho (1), Bonito (1),\u00a0Cabo de Santo Agostinho (2),\u00a0Carpina (1),\u00a0Caruaru (1), Igarassu (2), Jaboat\u00e3o dos Guararapes (4), Lagoa do Itaenga (1), Olinda (2), Ouricuri (1), Paudalho (1), Paulista (3), Recife (16),\u00a0Riacho das Almas (1), S\u00e3o Louren\u00e7o da Mata (2), Toritama (1), Venturosa (1) e Vic\u00eancia (1).\u00a0Com isso, o Estado totaliza 12.421 mortes pela doen\u00e7a.<\/span><\/p>\n<p style=\"text-align: justify;\"><span lang=\"PT\">Os pacientes tinham idades entre 29 e 90 anos. As faixas et\u00e1rias s\u00e3o: 20 a 29 (1), 30 a 39 (3), 40 a 49 (4), 50 a 59 (8), 60 a 69 (16), 70 a 79 (9), 80 ou mais (3). Do total, 35 tinham doen\u00e7as pr\u00e9-existentes: doen\u00e7as Card\u00edacas ou Vasculares (20), diabetes (17), hipertens\u00e3o (14), obesidade (8), doen\u00e7a respirat\u00f3ria (1), hist\u00f3rico de tabagismo (1), doen\u00e7a renal (1) e imunossupress\u00e3o (1) \u2013 um paciente pode ter mais de uma comorbidade. Quatro pacientes n\u00e3o tinham comorbidades e os demais seguem em investiga\u00e7\u00e3o.<\/span><\/p>\n<p style=\"text-align: justify;\"><span lang=\"PT\">Com rela\u00e7\u00e3o \u00e0 testagem dos profissionais de sa\u00fade com sintomas de gripe, em Pernambuco, at\u00e9 agora, 27.865 casos foram confirmados e 47.197 descartados. As testagens entre os trabalhadores do setor abrangem os profissionais de todas as unidades de sa\u00fade, sejam da rede p\u00fablica (estadual e municipal) ou privada. O Governo de Pernambuco foi o primeiro do pa\u00eds a criar um protocolo para testar e afastar os profissionais da \u00e1rea da sa\u00fade com sintomas gripais.<\/span><\/p>\n<p style=\"text-align: justify;\"><b><span lang=\"PT\">VACINA\u00c7\u00c3O\/ FOR\u00c7AS DE SEGURAN\u00c7A<\/span><\/b><span lang=\"PT\"> &#8211; Na \u00faltima remessa de vacinas contra a Covid-19 para Pernambuco, foram destinadas doses para 2.374 trabalhadores das for\u00e7as de seguran\u00e7a e salvamento. Com o percentual preconizado de 5% de perda, foram 2,5 mil unidades do imunizante disponibilizadas para esse p\u00fablico. Neste primeiro momento, o Plano Nacional de Imuniza\u00e7\u00e3o (PNI) indica que devem ser priorizados aqueles que atuam em a\u00e7\u00f5es relacionadas diretamente com o atendimento pr\u00e9-hospitalar e estrat\u00e9gias relacionadas \u00e0 vacina\u00e7\u00e3o contra a Covid-19.\u00a0<\/span><\/p>\n<p style=\"text-align: justify;\">Durante reuni\u00e3o da Comiss\u00e3o Intergestores Bipartite (CIB) na tarde desta segunda-feira (05.04), os gestores municipais e a Secretaria Estadual de Sa\u00fade pactuaram as recomenda\u00e7\u00f5es para o in\u00edcio da imuniza\u00e7\u00e3o deste grupo. O Programa Estadual de Imuniza\u00e7\u00e3o (PNI-PE) dispensar\u00e1 as doses de forma gradativa e de acordo com as listas nominais que receber\u00e1 dos servi\u00e7os vinculados \u00e0 Secretaria de Defesa Social (SDS) e \u00e0s For\u00e7as Armadas e da oferta de novas doses pelo Minist\u00e9rio da Sa\u00fade (MS). A Secretaria Estadual de Sa\u00fade (SES-PE) tamb\u00e9m solicitou aos munic\u00edpios o levantamento do quantitativo de seus respectivos guardas municipais para que o Estado possa calcular todo o efetivo de seguran\u00e7a e pleitear, junto ao governo federal, o envio de mais doses para esse p\u00fablico, j\u00e1 que os c\u00e1lculos do MS incluem apenas os policiais e agentes das For\u00e7as Armadas.<\/p>\n<p style=\"text-align: justify;\"><span lang=\"PT\">Tamb\u00e9m est\u00e1 em an\u00e1lise as pr\u00f3ximas inclus\u00f5es desse grupo priorit\u00e1rio, levando em considera\u00e7\u00e3o que o avan\u00e7o da imuniza\u00e7\u00e3o nessa categoria levar\u00e1 em conta a disponibilidade de mais doses encaminhadas pelo Minist\u00e9rio da Sa\u00fade (MS). Al\u00e9m disso, o grupo ser\u00e1 contemplado a partir da ordem de prioridade estabelecida em nota t\u00e9cnica do \u00f3rg\u00e3o federal.<\/span><\/p>\n<p style=\"text-align: justify;\"><span lang=\"PT\">&#8220;Estamos articulando com as autoridades locais sobre os principais crit\u00e9rios para vacina\u00e7\u00e3o dentro do grupo de profissionais de seguran\u00e7a e salvamento, aguardando tamb\u00e9m as orienta\u00e7\u00f5es do Programa Nacional de Imuniza\u00e7\u00e3o para podermos identificar toda essa popula\u00e7\u00e3o priorit\u00e1ria e iniciar a imuniza\u00e7\u00e3o do grupo&#8221;, pontuou o secret\u00e1rio de Sa\u00fade de Pernambuco, Andr\u00e9 Longo, durante a CIB. Segundo as estimativas, Pernambuco conta com cerca de 26 mil policiais e 12,5 mil agentes das for\u00e7as armadas, totalizando um p\u00fablico de 38,5 mil profissionais de seguran\u00e7a e salvamento no Estado.<\/span><\/p>\n<p style=\"text-align: justify;\"><b><span lang=\"PT\">BALAN\u00c7O DA VACINA\u00c7\u00c3O<\/span><\/b><span lang=\"PT\"> &#8211; Pernambuco j\u00e1 aplicou 1.170.481 doses da vacina contra a Covid-19, das quais 910.871 foram primeiras doses. Ao todo, foram feitas a primeira dose em 212.949 trabalhadores de sa\u00fade; 24.955 povos ind\u00edgenas aldeados; 17.158 em comunidades quilombolas; 6.157 idosos em Institui\u00e7\u00f5es de Longa Perman\u00eancia; 146.182 idosos de 64 a 69 anos; 321.181 idosos de 70 a 79 anos; 95.926 idosos de 80 a 84 anos; 85.457 idosos a partir de 85 anos; al\u00e9m de 906 pessoas com defici\u00eancia institucionalizadas.<\/span><\/p>\n<p style=\"text-align: justify;\"><span lang=\"PT\">Em rela\u00e7\u00e3o \u00e0 segunda dose, j\u00e1 foram beneficiados 162.153 trabalhadores de sa\u00fade; 24.155 povos ind\u00edgenas aldeados; 22 em comunidades quilombolas; 4.446 idosos institucionalizados; 1.964 idosos de 64 a 69 anos; 37.363 idosos de 70 a 79 anos; 23.857 idosos de 80 a 84 anos; 4.955 idosos a partir de 85 anos, al\u00e9m de 695 pessoas com defici\u00eancia institucionalizadas; totalizando 259.610 pessoas que j\u00e1 finalizaram o esquema.<\/span><\/p>\n<p>Foto: Divulga\u00e7\u00e3o.<\/p>\n","protected":false},"excerpt":{"rendered":"<p>A Secretaria Estadual de Sa\u00fade (SES-PE) registrou, nesta segunda-feira (05\/04), 709 casos da Covid-19. Entre os confirmados hoje, 93 (13%)&hellip;<\/p>\n","protected":false},"author":1,"featured_media":68613,"comment_status":"open","ping_status":"open","sticky":false,"template":"","format":"standard","meta":{"footnotes":""},"categories":[14120],"tags":[2,19532,19670,21264],"class_list":["post-68612","post","type-post","status-publish","format-standard","has-post-thumbnail","hentry","category-noticias","tag-blog-do-edvaldo-magalhaes","tag-blog-mais-acessado-e-visualizado-de-caruaru-e-regiao","tag-novo-coronavirus","tag-secretaria-de-saude-pe-registra-709-novos-casos-de-covid-19-e-554-recuperados"],"_links":{"self":[{"href":"https:\/\/blogdoedvaldomagalhaes.com.br\/index.php\/wp-json\/wp\/v2\/posts\/68612","targetHints":{"allow":["GET"]}}],"collection":[{"href":"https:\/\/blogdoedvaldomagalhaes.com.br\/index.php\/wp-json\/wp\/v2\/posts"}],"about":[{"href":"https:\/\/blogdoedvaldomagalhaes.com.br\/index.php\/wp-json\/wp\/v2\/types\/post"}],"author":[{"embeddable":true,"href":"https:\/\/blogdoedvaldomagalhaes.com.br\/index.php\/wp-json\/wp\/v2\/users\/1"}],"replies":[{"embeddable":true,"href":"https:\/\/blogdoedvaldomagalhaes.com.br\/index.php\/wp-json\/wp\/v2\/comments?post=68612"}],"version-history":[{"count":1,"href":"https:\/\/blogdoedvaldomagalhaes.com.br\/index.php\/wp-json\/wp\/v2\/posts\/68612\/revisions"}],"predecessor-version":[{"id":68614,"href":"https:\/\/blogdoedvaldomagalhaes.com.br\/index.php\/wp-json\/wp\/v2\/posts\/68612\/revisions\/68614"}],"wp:featuredmedia":[{"embeddable":true,"href":"https:\/\/blogdoedvaldomagalhaes.com.br\/index.php\/wp-json\/wp\/v2\/media\/68613"}],"wp:attachment":[{"href":"https:\/\/blogdoedvaldomagalhaes.com.br\/index.php\/wp-json\/wp\/v2\/media?parent=68612"}],"wp:term":[{"taxonomy":"category","embeddable":true,"href":"https:\/\/blogdoedvaldomagalhaes.com.br\/index.php\/wp-json\/wp\/v2\/categories?post=68612"},{"taxonomy":"post_tag","embeddable":true,"href":"https:\/\/blogdoedvaldomagalhaes.com.br\/index.php\/wp-json\/wp\/v2\/tags?post=68612"}],"curies":[{"name":"wp","href":"https:\/\/api.w.org\/{rel}","templated":true}]}}