{"id":686,"date":"2018-11-18T11:29:00","date_gmt":"2018-11-18T13:29:00","guid":{"rendered":"http:\/\/blogdoedvaldomagalhaes.com.br\/index.php\/2018\/11\/18\/homem-e-assassinado-pedradas-em-caruaru\/"},"modified":"2019-02-09T02:41:50","modified_gmt":"2019-02-09T04:41:50","slug":"homem-e-assassinado-pedradas-em-caruaru","status":"publish","type":"post","link":"https:\/\/blogdoedvaldomagalhaes.com.br\/index.php\/2018\/11\/18\/homem-e-assassinado-pedradas-em-caruaru\/","title":{"rendered":"Homem \u00e9 assassinado a pauladas e pedradas em Caruaru"},"content":{"rendered":"<div class=\"separator\" style=\"clear: both; text-align: center;\">\n<a href=\"https:\/\/2.bp.blogspot.com\/-iojyO0iutls\/W_FM7rRKu6I\/AAAAAAAA91w\/YG3hF_wLG8MaK69LM81NXKtSwlD-iTqFwCLcBGAs\/s1600\/homem.jpg\" imageanchor=\"1\" style=\"margin-left: 1em; margin-right: 1em;\"><img loading=\"lazy\" decoding=\"async\" border=\"0\" data-original-height=\"480\" data-original-width=\"640\" height=\"480\" src=\"http:\/\/blogdoedvaldomagalhaes.com.br\/wp-content\/uploads\/2018\/11\/homem.jpg\" width=\"640\" \/><\/a><\/div>\n<div class=\"separator\" style=\"clear: both; text-align: center;\">\nFoto e informa\u00e7\u00f5es: Kalebe Pereira<\/div>\n<div class=\"separator\" style=\"clear: both; text-align: center;\">\n<\/div>\n<div class=\"separator\" style=\"clear: both; text-align: center;\">\n<\/div>\n<div style=\"text-align: justify;\">\nO crime ocorreu na madrugada deste domingo (18), nas proximidades da resid\u00eancia da v\u00edtima, na Travessa Canad\u00e1, no bairro S\u00e3o Jo\u00e3o da Esc\u00f3cia. Genivaldo Pedro da Silva, de 43 anos, conhecido por Gaspar, foi assassinado a pauladas e pedradas. N\u00e3o foram informados o motivo e a autoria do crime. O corpo foi encaminhado para o IML de Caruaru.<\/p>\n<p><\/p>\n<div class=\"separator\" style=\"clear: both; text-align: center;\">\n<a href=\"https:\/\/2.bp.blogspot.com\/-OUJ8LDKWMvE\/W_FOj072eTI\/AAAAAAAA918\/oPF1ifbAtTkZ0Rb-zWhdR6QIAlzCQ72pACLcBGAs\/s1600\/IMG-20181118-WA0005.jpg\" imageanchor=\"1\" style=\"margin-left: 1em; margin-right: 1em;\"><img loading=\"lazy\" decoding=\"async\" border=\"0\" data-original-height=\"1280\" data-original-width=\"989\" height=\"640\" src=\"http:\/\/blogdoedvaldomagalhaes.com.br\/wp-content\/uploads\/2018\/11\/IMG-20181118-WA0005.jpg\" width=\"492\" \/><\/a><\/div>\n<div class=\"separator\" style=\"clear: both; text-align: center;\">\nGenivaldo Pedro da Silva<\/div>\n<p>\nEste foi o 5\u00b0 homic\u00eddio no m\u00eas de novembro e o 145\u00ba do ano de 2018, em, Caruaru.<\/div>\n<p><\/p>\n<div class=\"separator\" style=\"clear: both; text-align: justify;\">\n<\/div>\n<div style=\"text-align: justify;\">\n<\/div>\n","protected":false},"excerpt":{"rendered":"<p>Foto e informa\u00e7\u00f5es: Kalebe Pereira O crime ocorreu na madrugada deste domingo (18), nas proximidades da resid\u00eancia da v\u00edtima, na&hellip;<\/p>\n","protected":false},"author":1,"featured_media":0,"comment_status":"open","ping_status":"open","sticky":false,"template":"","format":"standard","meta":{"footnotes":""},"categories":[1],"tags":[2,623,13],"class_list":["post-686","post","type-post","status-publish","format-standard","hentry","category-sem-categoria","tag-blog-do-edvaldo-magalhaes","tag-homem-e-assassinado-a-pauladas-e-pedradas-em-caruaru","tag-policial"],"_links":{"self":[{"href":"https:\/\/blogdoedvaldomagalhaes.com.br\/index.php\/wp-json\/wp\/v2\/posts\/686","targetHints":{"allow":["GET"]}}],"collection":[{"href":"https:\/\/blogdoedvaldomagalhaes.com.br\/index.php\/wp-json\/wp\/v2\/posts"}],"about":[{"href":"https:\/\/blogdoedvaldomagalhaes.com.br\/index.php\/wp-json\/wp\/v2\/types\/post"}],"author":[{"embeddable":true,"href":"https:\/\/blogdoedvaldomagalhaes.com.br\/index.php\/wp-json\/wp\/v2\/users\/1"}],"replies":[{"embeddable":true,"href":"https:\/\/blogdoedvaldomagalhaes.com.br\/index.php\/wp-json\/wp\/v2\/comments?post=686"}],"version-history":[{"count":1,"href":"https:\/\/blogdoedvaldomagalhaes.com.br\/index.php\/wp-json\/wp\/v2\/posts\/686\/revisions"}],"predecessor-version":[{"id":35944,"href":"https:\/\/blogdoedvaldomagalhaes.com.br\/index.php\/wp-json\/wp\/v2\/posts\/686\/revisions\/35944"}],"wp:attachment":[{"href":"https:\/\/blogdoedvaldomagalhaes.com.br\/index.php\/wp-json\/wp\/v2\/media?parent=686"}],"wp:term":[{"taxonomy":"category","embeddable":true,"href":"https:\/\/blogdoedvaldomagalhaes.com.br\/index.php\/wp-json\/wp\/v2\/categories?post=686"},{"taxonomy":"post_tag","embeddable":true,"href":"https:\/\/blogdoedvaldomagalhaes.com.br\/index.php\/wp-json\/wp\/v2\/tags?post=686"}],"curies":[{"name":"wp","href":"https:\/\/api.w.org\/{rel}","templated":true}]}}