{"id":68551,"date":"2021-04-03T20:03:59","date_gmt":"2021-04-03T23:03:59","guid":{"rendered":"https:\/\/blogdoedvaldomagalhaes.com.br\/?p=68551"},"modified":"2021-04-03T21:43:29","modified_gmt":"2021-04-04T00:43:29","slug":"ex-presidiario-assassinado-a-tiros-em-caruaru-neste-sabado-de-aleluia","status":"publish","type":"post","link":"https:\/\/blogdoedvaldomagalhaes.com.br\/index.php\/2021\/04\/03\/ex-presidiario-assassinado-a-tiros-em-caruaru-neste-sabado-de-aleluia\/","title":{"rendered":"Ex-presidi\u00e1rio assassinado a tiros em Caruaru neste s\u00e1bado de aleluia"},"content":{"rendered":"<p style=\"text-align: justify;\">O ex-presidi\u00e1rio Armando Ribeiro da Silva, de 27 anos, que morava na Vila Andorinhas, foi assassinado na rua Manoel Vitalino, no bairro Jos\u00e9 Carlos Oliveira. Segundo informa\u00e7\u00f5es de Alane companheira da v\u00edtima, Amando havia sido preso acusado de roubo, mas, atualmente vivia como pedreiro.<\/p>\n<p style=\"text-align: justify;\">Esse foi o 2\u00b0 homic\u00eddio no m\u00eas de abril em Caruaru, e o 27\u00b0 do ano no munic\u00edpio.<\/p>\n","protected":false},"excerpt":{"rendered":"<p>O ex-presidi\u00e1rio Armando Ribeiro da Silva, de 27 anos, que morava na Vila Andorinhas, foi assassinado na rua Manoel Vitalino,&hellip;<\/p>\n","protected":false},"author":1,"featured_media":68552,"comment_status":"open","ping_status":"open","sticky":false,"template":"","format":"standard","meta":{"footnotes":""},"categories":[14121],"tags":[2,19532,21252,5448,1950],"class_list":["post-68551","post","type-post","status-publish","format-standard","has-post-thumbnail","hentry","category-policial","tag-blog-do-edvaldo-magalhaes","tag-blog-mais-acessado-e-visualizado-de-caruaru-e-regiao","tag-ex-presidiario-assassinado-a-tiros-em-caruaru-neste-sabado-de-aleluia","tag-homicidio","tag-noticias-de-caruaru"],"_links":{"self":[{"href":"https:\/\/blogdoedvaldomagalhaes.com.br\/index.php\/wp-json\/wp\/v2\/posts\/68551","targetHints":{"allow":["GET"]}}],"collection":[{"href":"https:\/\/blogdoedvaldomagalhaes.com.br\/index.php\/wp-json\/wp\/v2\/posts"}],"about":[{"href":"https:\/\/blogdoedvaldomagalhaes.com.br\/index.php\/wp-json\/wp\/v2\/types\/post"}],"author":[{"embeddable":true,"href":"https:\/\/blogdoedvaldomagalhaes.com.br\/index.php\/wp-json\/wp\/v2\/users\/1"}],"replies":[{"embeddable":true,"href":"https:\/\/blogdoedvaldomagalhaes.com.br\/index.php\/wp-json\/wp\/v2\/comments?post=68551"}],"version-history":[{"count":4,"href":"https:\/\/blogdoedvaldomagalhaes.com.br\/index.php\/wp-json\/wp\/v2\/posts\/68551\/revisions"}],"predecessor-version":[{"id":68557,"href":"https:\/\/blogdoedvaldomagalhaes.com.br\/index.php\/wp-json\/wp\/v2\/posts\/68551\/revisions\/68557"}],"wp:featuredmedia":[{"embeddable":true,"href":"https:\/\/blogdoedvaldomagalhaes.com.br\/index.php\/wp-json\/wp\/v2\/media\/68552"}],"wp:attachment":[{"href":"https:\/\/blogdoedvaldomagalhaes.com.br\/index.php\/wp-json\/wp\/v2\/media?parent=68551"}],"wp:term":[{"taxonomy":"category","embeddable":true,"href":"https:\/\/blogdoedvaldomagalhaes.com.br\/index.php\/wp-json\/wp\/v2\/categories?post=68551"},{"taxonomy":"post_tag","embeddable":true,"href":"https:\/\/blogdoedvaldomagalhaes.com.br\/index.php\/wp-json\/wp\/v2\/tags?post=68551"}],"curies":[{"name":"wp","href":"https:\/\/api.w.org\/{rel}","templated":true}]}}