{"id":685,"date":"2018-11-18T13:40:00","date_gmt":"2018-11-18T15:40:00","guid":{"rendered":"http:\/\/blogdoedvaldomagalhaes.com.br\/index.php\/2018\/11\/18\/festa-de-nossa-senhora-das-gracas\/"},"modified":"2019-02-09T02:41:50","modified_gmt":"2019-02-09T04:41:50","slug":"festa-de-nossa-senhora-das-gracas","status":"publish","type":"post","link":"https:\/\/blogdoedvaldomagalhaes.com.br\/index.php\/2018\/11\/18\/festa-de-nossa-senhora-das-gracas\/","title":{"rendered":"Festa de Nossa Senhora das Gra\u00e7as come\u00e7a neste domingo em Caruaru"},"content":{"rendered":"<div class=\"separator\" style=\"clear: both; text-align: center;\">\n<a href=\"https:\/\/3.bp.blogspot.com\/-wz9fb4VKc3o\/W_Fruvp_jSI\/AAAAAAAA92g\/J8dS31Qhkug8mSjnRYvu6_8eVLNRMZqxQCLcBGAs\/s1600\/festa.jpg\" imageanchor=\"1\" style=\"margin-left: 1em; margin-right: 1em;\"><img loading=\"lazy\" decoding=\"async\" border=\"0\" data-original-height=\"960\" data-original-width=\"720\" height=\"640\" src=\"http:\/\/blogdoedvaldomagalhaes.com.br\/wp-content\/uploads\/2018\/11\/festa.jpg\" width=\"480\" \/><\/a><\/div>\n<div style=\"background-color: white; box-sizing: border-box; line-height: 24px; margin-bottom: 10px; text-align: justify;\">\n<\/div>\n<div style=\"background-color: white; box-sizing: border-box; line-height: 24px; margin-bottom: 10px; text-align: justify;\">\nTem in\u00edcio neste domingo (18), em Caruaru, a Festa de Nossa Senhora das Gra\u00e7as. At\u00e9 o dia 25, a santa \u00e9 homenageada pelos moradores do bairro Cidade Jardim.<\/p>\n<p><\/p>\n<div class=\"separator\" style=\"clear: both; text-align: center;\">\n<a href=\"https:\/\/2.bp.blogspot.com\/-Z_pzxRrMF9g\/W_FxNs018PI\/AAAAAAAA920\/bCncLAND4tsh81cUKi5mxDGXKUJb0SynQCLcBGAs\/s1600\/IMG_20181116_102541073_HDR.jpg\" imageanchor=\"1\" style=\"margin-left: 1em; margin-right: 1em;\"><img loading=\"lazy\" decoding=\"async\" border=\"0\" data-original-height=\"1200\" data-original-width=\"1600\" height=\"480\" src=\"http:\/\/blogdoedvaldomagalhaes.com.br\/wp-content\/uploads\/2018\/11\/IMG_20181116_102541073_HDR.jpg\" width=\"640\" \/><\/a><\/div>\n<p><\/div>\n<div style=\"background-color: white; box-sizing: border-box; line-height: 24px; margin-bottom: 10px; text-align: justify;\">\nEste ano o tema \u00e9 \u201cM\u00e3e das Gra\u00e7as, sob vossa prote\u00e7\u00e3o queremos ser sal da terra e luz do mundo a servi\u00e7o do reino\u201d. O Padre Edson Alves, Administrador Paroquial, convida todos para participarem da festa.<\/p>\n<p><\/p>\n<div class=\"separator\" style=\"clear: both; text-align: center;\">\n<a href=\"https:\/\/4.bp.blogspot.com\/-9teBDA-H36o\/W_Fw20Or5JI\/AAAAAAAA92s\/40JPI-PFdDMynSSH2bFNvDuwqxyOxCV3wCLcBGAs\/s1600\/igreja.jpg\" imageanchor=\"1\" style=\"margin-left: 1em; margin-right: 1em;\"><img loading=\"lazy\" decoding=\"async\" border=\"0\" data-original-height=\"375\" data-original-width=\"500\" height=\"480\" src=\"http:\/\/blogdoedvaldomagalhaes.com.br\/wp-content\/uploads\/2018\/11\/igreja.jpg\" width=\"640\" \/><\/a><\/div>\n<p>\nConfira a programa\u00e7\u00e3o:<\/p>\n<p><b>Domingo (18)<\/b><\/p>\n<p>18h:30min: Prociss\u00e3o da bandeira saindo da casa do casal Paulinho e Patr\u00edcia na rua R- 06 N\u00ba 46 Cidade Jardim.&nbsp;<br \/>\n19h:30min: Celebra\u00e7\u00e3o eucar\u00edstica presidida pelo Revmo. Padre Alexsandro Jorge da Silva.<br \/>\nMinist\u00e9rio de M\u00fasica : Louvor e Adora\u00e7\u00e3o.&nbsp;<br \/>\nNoiteiros: Apostolado da Ora\u00e7\u00e3o, M\u00e3e Rainha, Sr. Edjailson e fam\u00edlia, Jane Fabia e fam\u00edlia, Emanoel Alvares e fam\u00edlia Evertone Cesar e fam\u00edlia, Carlinhos da Pastoral da Fam\u00edlia.<br \/>\nConvidados : Paroquia de S\u00e3o Jos\u00e9 (Petr\u00f3polis) ,Conviva, Ministros da Eucaristia , coroinhas, Ter\u00e7o dos Homens(Cidade Jardim e Gon\u00e7alves Ferreira), Comunidade Alto da Balan\u00e7a e Gon\u00e7alves Ferreira. Marilene e fam\u00edlia(Al\u00f4 Tintas)<br \/>\nShow cultural : Edjailson da Caruforr\u00f3.<\/p>\n<p><b>Segunda-feira (19)<\/b><\/p>\n<p>05h \u2013 Recita\u00e7\u00e3o do of\u00edcio de Nossa Senhora.<br \/>\n18h:30min: Recita\u00e7\u00e3o do Ter\u00e7o .<br \/>\n19h:30min: Celebra\u00e7\u00e3o Eucar\u00edstica presidida pelo Revmo. Padre Bruno da Can\u00e7\u00e3o Nova.<br \/>\nMinist\u00e9rio de M\u00fasica: Filhos de Maria e Vozes que Cant\u00e3o.<br \/>\nNoiteiros: Apodec, Col\u00e9gio Altair Nunes Porto Filho, Equipe de Nossa Senhora, Sra. Edileuza e fam\u00edlia (Rendeiras).<br \/>\nConvidados: Par\u00f3quia da Assun\u00e7\u00e3o (Inocoop), Comunidade Santo Afonso, Grupo Fraternidade do Escapul\u00e1rio, Ter\u00e7o dos Homens Santo Afonso e Santa Clara, D\u00edzimo, Umburanas, S\u00e3o Jos\u00e9 Oper\u00e1rio, Santa Barbara, Corais e Grupo Movimente-se.<br \/>\nShow Cultural: Banda da PMPE<\/p>\n<p><b>Ter\u00e7a-feira (20)<\/b><\/p>\n<p>05h \u2013 Recita\u00e7\u00e3o do Oficio de Nossa Senhora.&nbsp;<br \/>\n18h:30min: Recita\u00e7\u00e3o do Ter\u00e7o.<br \/>\n19h:30min: Celebra\u00e7\u00e3o Eucar\u00edstica presidida pelo Revmo. Padre Edmilson Martiniano de Lima.<br \/>\nMinist\u00e9rio de M\u00fasica: Vozes da Gra\u00e7a.<br \/>\nNoiteriros : Sra. Maria Leit\u00e3o e Fam\u00edlia, Sr. Alex Cardoso e fam\u00edlia e Pastoral da Acolhida.<br \/>\nConvidados: Comunidade do Cedro, Jacar\u00e9, Ter\u00e7o dos Homens , Rendeiras, Par\u00f3quia de S\u00e3o Paulo Apostolo, Par\u00f3quia de Guadalupe, Santa Rosa de Lima, Escola Paulina Monteiro, Creche Leopoldina, Pastoral da Fam\u00edlia.<br \/>\nShow Cultural: Minist\u00e9rio S\u00e3o Miguel.<\/p>\n<p><b>Quarta-feira (21)<\/b><\/p>\n<p>05h \u2013 Recita\u00e7\u00e3o do Of\u00edcio de Nossa Senhora.<br \/>\n18h30min: Recita\u00e7\u00e3o do Ter\u00e7o.<br \/>\n19h30min: Celebra\u00e7\u00e3o da Eucaristia presidida pelo Revmo. Padre Jefferson Adelino Gomes.&nbsp;<br \/>\nMinist\u00e9rio de M\u00fasica: Anderson e Halan.<br \/>\nNoiteiros : Liga Feminina de Combate ao C\u00e2ncer, Sra. Maria Tin\u00e9 e fam\u00edlia, (Lia), Sr. Jos\u00e9 Mario e fam\u00edlia e Sr. Givanildo e fam\u00edlia.<br \/>\nConvidados: Par\u00f3quia do Monte Carmelo, Ter\u00e7o dos Homens de Toritama, Escola Municipal Rubens de Lima Barros, as Irm\u00e3s Cordes Marianas, Franciscanas, Sagrado Cora\u00e7\u00e3o de Jesus, Maristas , EJC, Pascom e Grupo do AA.<br \/>\nShow Cultural: EJC da Par\u00f3quia de Nossa Senhora de Aparecida(Rendeiras)<\/p>\n<p><b>Quinta-feira (22)<\/b><\/p>\n<p>05h \u2013 Recita\u00e7\u00e3o do Of\u00edcio de Nossa Senhora.<br \/>\n18h:30min \u2013 Recita\u00e7\u00e3o do Ter\u00e7o.<br \/>\n19h:30min &#8211; Celebra\u00e7\u00e3o Eucar\u00edstica. Exmo. Revmo. Dom Bernardino Machi\u00f3.<br \/>\nNoiteiros: Sr.Ant\u00f4nio F\u00e9lix e Fam\u00edlia, Movimento Cen\u00e1culo da Gra\u00e7a, Sr.Jos\u00e9 Adilson e Fam\u00edlia e Sra. Neide das flores.<br \/>\nConvidados: Todas as comunidades da Par\u00f3quia Nossa Senhora das Gra\u00e7as, Cidade Jardim, Guardi\u00f5es de Nossa Senhora, Par\u00f3quia Aparecida (Rendeiras) , Santa Terezinha (Cidade Alta), Col\u00e9gio Sagrado Cora\u00e7\u00e3o e Semin\u00e1rio Nossa Senhora das Dores.&nbsp;<br \/>\nShow Cultural: Bruno Ricardo MPB<\/p>\n<p><b>Sexta-feira (23)<\/b><\/p>\n<p>05h- Recita\u00e7\u00e3o do Oficio de Nossa Senhora&nbsp;<br \/>\n18h:30min- Recita\u00e7\u00e3o do Ter\u00e7o.&nbsp;<br \/>\n19h:30min- Celebra\u00e7\u00e3o Eucar\u00edstica presidida pelo Revmo. Padre Adjaildo Soares de Jesus.<br \/>\nMinist\u00e9rio de M\u00fasica: S\u00e3o Sebasti\u00e3o e Um Cora\u00e7\u00e3o para Amar.<br \/>\nNoiteros: Sr. Biu de Cal\u00fa e fam\u00edlia, Sr. Bezerra e fam\u00edlia, Sr. Onofre e fam\u00edlia.&nbsp;<br \/>\nConvidados: OVS, Comunidade de Santa Terezinha(Salgado), Movimento Focolares, Ter\u00e7o dos Homens de Guadalupe, Comunidade Obra de Maria, Comunidade S\u00e3o Mateus, Comunidade Jesus Misericordioso, Casa da Crian\u00e7a, Grupo de Ora\u00e7\u00e3o Sagrada Fam\u00edlia.&nbsp;<br \/>\nShow Cultural: Jesus Misericordioso.<\/p>\n<p><b>S\u00e1bado (24)<\/b><\/p>\n<p>05h- Recita\u00e7\u00e3o do Of\u00edcio de Nossa Senhora&nbsp;<br \/>\n18h:30min: Recita\u00e7\u00e3o do Ter\u00e7o&nbsp;<br \/>\n19h:30min Celebra\u00e7\u00e3o Eucar\u00edstica presidida pelo Revmo. Padre Roberto Ribeiro da Silva.<br \/>\nMinist\u00e9rio de M\u00fasica: Semeando o Amor&nbsp;<br \/>\nNoiteiros: ECC Rendeiras e Cidade Jardim, Sra. Maria e Gal Vila Nova, Grupo Medalha Milagrosa.<br \/>\nConvidados: Ter\u00e7o dos Homens jardim Liberdade, Queimada do Urucu, Santa Edwiges, Par\u00f3quia do Ros\u00e1rio, Comunidade Sagrado Cora\u00e7\u00e3o de Maria, Catequese, ECC Ros\u00e1rio, Pastoral da Crian\u00e7a, Fam\u00edlia Restaurada, Teatrinho Cen\u00e1culo da Gra\u00e7a e Unidos Pela F\u00e9.<br \/>\nShow Cultural: ECC Ros\u00e1rio<\/p>\n<p><b>Domingo (25)<\/b><\/p>\n<p>07h- Recita\u00e7\u00e3o do Oficio de Nossa Senhora.&nbsp;<br \/>\n07h:30min- Celebra\u00e7\u00e3o Eucar\u00edstica presidida pelo Revmo. Padre Edson Alves da Cunha.&nbsp;<br \/>\n09:00- Batizados<br \/>\n16h- Prociss\u00e3o saindo da igreja.&nbsp;<br \/>\n17h- Celebra\u00e7\u00e3o Eucar\u00edstica presidida pelo Revmo. Padre Bianchi Xavier.<br \/>\nMinist\u00e9rio de M\u00fasica: Nossa Senhora das Gra\u00e7as Cidade Jardim.&nbsp;<br \/>\nConvidados: Todas as par\u00f3quias, patrocinadores, padrinhos, madrinhas do andor e devotos de Nossa Senhora das Gra\u00e7as.&nbsp;<br \/>\nShow cultural:&nbsp;<br \/>\nForr\u00f3 do Jeres.&nbsp;<br \/>\nSorteio de uma cesta aliment\u00edcia.&nbsp;<br \/>\nBingo de um carneiro, uma bicicleta e um fog\u00e3o.<\/p>\n<div class=\"separator\" style=\"clear: both; text-align: center;\">\n<a href=\"https:\/\/4.bp.blogspot.com\/-Beg58q-XZ54\/W_Fxw0eb5uI\/AAAAAAAA928\/tOisxaOKyT83N1HXWuTDFq2t_KIUy42TACLcBGAs\/s1600\/m%25C3%25A3e.jpg\" imageanchor=\"1\" style=\"margin-left: 1em; margin-right: 1em;\"><img loading=\"lazy\" decoding=\"async\" border=\"0\" data-original-height=\"960\" data-original-width=\"776\" height=\"640\" src=\"http:\/\/blogdoedvaldomagalhaes.com.br\/wp-content\/uploads\/2018\/11\/mC3A3e.jpg\" width=\"512\" \/><\/a><\/div>\n<p><\/div>\n","protected":false},"excerpt":{"rendered":"<p>Tem in\u00edcio neste domingo (18), em Caruaru, a Festa de Nossa Senhora das Gra\u00e7as. At\u00e9 o dia 25, a santa&hellip;<\/p>\n","protected":false},"author":1,"featured_media":0,"comment_status":"open","ping_status":"open","sticky":false,"template":"","format":"standard","meta":{"footnotes":""},"categories":[1],"tags":[2,622,6],"class_list":["post-685","post","type-post","status-publish","format-standard","hentry","category-sem-categoria","tag-blog-do-edvaldo-magalhaes","tag-festa-de-nossa-senhora-das-gracas-comeca-neste-domingo-em-caruaru","tag-noticias"],"_links":{"self":[{"href":"https:\/\/blogdoedvaldomagalhaes.com.br\/index.php\/wp-json\/wp\/v2\/posts\/685","targetHints":{"allow":["GET"]}}],"collection":[{"href":"https:\/\/blogdoedvaldomagalhaes.com.br\/index.php\/wp-json\/wp\/v2\/posts"}],"about":[{"href":"https:\/\/blogdoedvaldomagalhaes.com.br\/index.php\/wp-json\/wp\/v2\/types\/post"}],"author":[{"embeddable":true,"href":"https:\/\/blogdoedvaldomagalhaes.com.br\/index.php\/wp-json\/wp\/v2\/users\/1"}],"replies":[{"embeddable":true,"href":"https:\/\/blogdoedvaldomagalhaes.com.br\/index.php\/wp-json\/wp\/v2\/comments?post=685"}],"version-history":[{"count":1,"href":"https:\/\/blogdoedvaldomagalhaes.com.br\/index.php\/wp-json\/wp\/v2\/posts\/685\/revisions"}],"predecessor-version":[{"id":35949,"href":"https:\/\/blogdoedvaldomagalhaes.com.br\/index.php\/wp-json\/wp\/v2\/posts\/685\/revisions\/35949"}],"wp:attachment":[{"href":"https:\/\/blogdoedvaldomagalhaes.com.br\/index.php\/wp-json\/wp\/v2\/media?parent=685"}],"wp:term":[{"taxonomy":"category","embeddable":true,"href":"https:\/\/blogdoedvaldomagalhaes.com.br\/index.php\/wp-json\/wp\/v2\/categories?post=685"},{"taxonomy":"post_tag","embeddable":true,"href":"https:\/\/blogdoedvaldomagalhaes.com.br\/index.php\/wp-json\/wp\/v2\/tags?post=685"}],"curies":[{"name":"wp","href":"https:\/\/api.w.org\/{rel}","templated":true}]}}