{"id":684,"date":"2018-11-18T14:17:00","date_gmt":"2018-11-18T16:17:00","guid":{"rendered":"http:\/\/blogdoedvaldomagalhaes.com.br\/index.php\/2018\/11\/18\/quatro-pessoas-baleadas-em-bar-e-uma\/"},"modified":"2019-02-09T02:41:51","modified_gmt":"2019-02-09T04:41:51","slug":"quatro-pessoas-baleadas-em-bar-e-uma","status":"publish","type":"post","link":"https:\/\/blogdoedvaldomagalhaes.com.br\/index.php\/2018\/11\/18\/quatro-pessoas-baleadas-em-bar-e-uma\/","title":{"rendered":"Quatro pessoas baleadas em bar e uma morre no HRA"},"content":{"rendered":"<div class=\"separator\" style=\"clear: both; text-align: center;\">\n<a href=\"https:\/\/1.bp.blogspot.com\/-ZXFrHZqJSAU\/W_F0XM97vvI\/AAAAAAAA93I\/3Dn97Bf3pt4i5vEUzwlyvK9LzTToiH6cACLcBGAs\/s1600\/violencia.png\" imageanchor=\"1\" style=\"margin-left: 1em; margin-right: 1em;\"><img loading=\"lazy\" decoding=\"async\" border=\"0\" data-original-height=\"166\" data-original-width=\"304\" height=\"347\" src=\"http:\/\/blogdoedvaldomagalhaes.com.br\/wp-content\/uploads\/2018\/11\/violencia.png\" width=\"640\" \/><\/a><\/div>\n<div style=\"text-align: justify;\">\n<\/div>\n<div style=\"text-align: justify;\">\nNa tarde desse s\u00e1bado (17), quatro pessoas foram baleadas na rua Jos\u00e9 Pereira de Santana, em S\u00e3o Domingos, distrito de Brejo da Madre de Deus, Agreste pernambucano. Os feridos estavam em um bar, quando tudo aconteceu. De acordo com informa\u00e7\u00f5es da Pol\u00edcia Civil, os acusados que ainda n\u00e3o foram identificados chegaram em um Gol de cor branca (roubado e j\u00e1 recuperado pela Guarda Municipal) e atiraram em In\u00e1cio Rivaldo, de 32 anos que estava no local, sendo socorrido para a Policl\u00ednica local, depois transferido para o Hospital Regional do Agreste (HRA), em Caruaru. In\u00e1cio Rivaldo, passou por uma cirurgia na manh\u00e3 deste domingo (18), no HRA, n\u00e3o resistindo e vindo \u00e0 \u00f3bito.&nbsp;<\/p>\n<p><\/p>\n<div class=\"separator\" style=\"clear: both; text-align: center;\">\n<a href=\"https:\/\/3.bp.blogspot.com\/-d9aKk-sPObU\/W_F37t1Qs6I\/AAAAAAAA93Y\/DiPnD7Rp7HE8EosLA_TzRIna7H9hvDgrwCLcBGAs\/s1600\/hra.jpg\" imageanchor=\"1\" style=\"margin-left: 1em; margin-right: 1em;\"><img loading=\"lazy\" decoding=\"async\" border=\"0\" data-original-height=\"350\" data-original-width=\"640\" height=\"350\" src=\"http:\/\/blogdoedvaldomagalhaes.com.br\/wp-content\/uploads\/2018\/11\/hra-1.jpg\" width=\"640\" \/><\/a><\/div>\n<div class=\"separator\" style=\"clear: both; text-align: center;\">\nIn\u00e1cio Rivaldo<\/div>\n<p>\nAs outras tr\u00eas pessoas que estavam no bar, e n\u00e3o tinha nada haver com o fato, mas que foram atingidas pelas balas s\u00e3o: Weberson Xavier da Silva de 28 anos, Os\u00e9ias Ribeiro da Silva de 31 anos, levados para a Policl\u00ednica de S\u00e3o Domingos, e Claudenilson Bezerra do Nascimento, este \u00faltimo foi levado para a UPA de Santa Cruz do Capibaribe com um tiro de rasp\u00e3o no t\u00f3rax. O caso ser\u00e1 investigado pela 21\u00b0 Delegacia de Pol\u00edcia de Homic\u00eddios de Santa Cruz do Capibaribe.<\/p>\n<\/div>\n","protected":false},"excerpt":{"rendered":"<p>Na tarde desse s\u00e1bado (17), quatro pessoas foram baleadas na rua Jos\u00e9 Pereira de Santana, em S\u00e3o Domingos, distrito de&hellip;<\/p>\n","protected":false},"author":1,"featured_media":0,"comment_status":"open","ping_status":"open","sticky":false,"template":"","format":"standard","meta":{"footnotes":""},"categories":[1],"tags":[2,13,621],"class_list":["post-684","post","type-post","status-publish","format-standard","hentry","category-sem-categoria","tag-blog-do-edvaldo-magalhaes","tag-policial","tag-quatro-pessoas-baleadas-em-bar-e-uma-morre-no-hra"],"_links":{"self":[{"href":"https:\/\/blogdoedvaldomagalhaes.com.br\/index.php\/wp-json\/wp\/v2\/posts\/684","targetHints":{"allow":["GET"]}}],"collection":[{"href":"https:\/\/blogdoedvaldomagalhaes.com.br\/index.php\/wp-json\/wp\/v2\/posts"}],"about":[{"href":"https:\/\/blogdoedvaldomagalhaes.com.br\/index.php\/wp-json\/wp\/v2\/types\/post"}],"author":[{"embeddable":true,"href":"https:\/\/blogdoedvaldomagalhaes.com.br\/index.php\/wp-json\/wp\/v2\/users\/1"}],"replies":[{"embeddable":true,"href":"https:\/\/blogdoedvaldomagalhaes.com.br\/index.php\/wp-json\/wp\/v2\/comments?post=684"}],"version-history":[{"count":1,"href":"https:\/\/blogdoedvaldomagalhaes.com.br\/index.php\/wp-json\/wp\/v2\/posts\/684\/revisions"}],"predecessor-version":[{"id":35952,"href":"https:\/\/blogdoedvaldomagalhaes.com.br\/index.php\/wp-json\/wp\/v2\/posts\/684\/revisions\/35952"}],"wp:attachment":[{"href":"https:\/\/blogdoedvaldomagalhaes.com.br\/index.php\/wp-json\/wp\/v2\/media?parent=684"}],"wp:term":[{"taxonomy":"category","embeddable":true,"href":"https:\/\/blogdoedvaldomagalhaes.com.br\/index.php\/wp-json\/wp\/v2\/categories?post=684"},{"taxonomy":"post_tag","embeddable":true,"href":"https:\/\/blogdoedvaldomagalhaes.com.br\/index.php\/wp-json\/wp\/v2\/tags?post=684"}],"curies":[{"name":"wp","href":"https:\/\/api.w.org\/{rel}","templated":true}]}}