{"id":68306,"date":"2021-03-27T11:44:59","date_gmt":"2021-03-27T14:44:59","guid":{"rendered":"https:\/\/blogdoedvaldomagalhaes.com.br\/?p=68306"},"modified":"2021-03-27T11:45:00","modified_gmt":"2021-03-27T14:45:00","slug":"auxiliares-e-tecnicos-de-enfermagem-de-caruaru-decidem-paralisar-por-24h","status":"publish","type":"post","link":"https:\/\/blogdoedvaldomagalhaes.com.br\/index.php\/2021\/03\/27\/auxiliares-e-tecnicos-de-enfermagem-de-caruaru-decidem-paralisar-por-24h\/","title":{"rendered":"Auxiliares e T\u00e9cnicos de Enfermagem de Caruaru decidem paralisar por 24h"},"content":{"rendered":"<p style=\"text-align: justify;\"><span style=\"font-size: inherit;\">Trabalhadores da enfermagem de n\u00edvel m\u00e9dio da rede municipal de sa\u00fade de Caruaru, no Agreste, paralisar\u00e3o suas atividades por 24h, no dia I\u00ba de abril. A decis\u00e3o ocorreu durante assembleia geral extraordin\u00e1ria, nesta sexta-feira (26\/03), realizada pelo Sindicato Profissional dos Auxiliares e T\u00e9cnicos de Enfermagem de Pernambuco (SATENPE) Nesta data, apenas 30% do efetivo estar\u00e1 atendendo os pacientes, respeitando a Lei de Greve.<\/span><\/p>\n<p style=\"text-align: justify;\">Segundo a categoria, a medida \u00e9 devido \u00e0 falta de di\u00e1logo do Governo Municipal com os trabalhadores, sobretudo, nesse momento de pandemia da Covid-19 onde os profissionais est\u00e3o expostos \u00e0 contamina\u00e7\u00e3o, sem condi\u00e7\u00f5es m\u00ednimas de seguran\u00e7a, al\u00e9m da falta de valoriza\u00e7\u00e3o da classe.<\/p>\n<p style=\"text-align: justify;\">As principais queixas s\u00e3o: inexist\u00eancia de isonomia na carga hor\u00e1ria acordada (30h semanais), falta do adicional de insalubridade em grau m\u00e1ximo (40%), aus\u00eancia de seguran\u00e7a nas unidade e falta de Equipamentos de Prote\u00e7\u00e3o Individual (EPIs), a exemplo da m\u00e1scara N95.<\/p>\n<p style=\"text-align: justify;\">\u201c\u00c9 com esse descaso que a Prefeitura de Caruaru trata a enfermagem de n\u00edvel m\u00e9dio, que est\u00e1 na linha de frente em combate ao coronav\u00edrus. Hoje, a categoria tomou uma decis\u00e3o dolorosa mas necess\u00e1ria, pois, as vidas desses profissionais e de seus familiares tamb\u00e9m s\u00e3o importantes. Cabe, agora, a prefeita nos escutar e entender que \u00e9 necess\u00e1rio oferecer o m\u00ednimo de valoriza\u00e7\u00e3o e respeito aos profissionais que, desde o in\u00edcio da pandemia, s\u00e3o chamados de her\u00f3is mas n\u00e3o esquecidos\u201d, afirmou o presidente do SATENPE, Francis Herbert.<\/p>\n","protected":false},"excerpt":{"rendered":"<p>Trabalhadores da enfermagem de n\u00edvel m\u00e9dio da rede municipal de sa\u00fade de Caruaru, no Agreste, paralisar\u00e3o suas atividades por 24h,&hellip;<\/p>\n","protected":false},"author":1,"featured_media":68307,"comment_status":"open","ping_status":"open","sticky":false,"template":"","format":"standard","meta":{"footnotes":""},"categories":[14120],"tags":[21187,2,19532,1950],"class_list":["post-68306","post","type-post","status-publish","format-standard","has-post-thumbnail","hentry","category-noticias","tag-auxiliares-e-tecnicos-de-enfermagem-de-caruaru-decidem-paralisar-por-24h","tag-blog-do-edvaldo-magalhaes","tag-blog-mais-acessado-e-visualizado-de-caruaru-e-regiao","tag-noticias-de-caruaru"],"_links":{"self":[{"href":"https:\/\/blogdoedvaldomagalhaes.com.br\/index.php\/wp-json\/wp\/v2\/posts\/68306","targetHints":{"allow":["GET"]}}],"collection":[{"href":"https:\/\/blogdoedvaldomagalhaes.com.br\/index.php\/wp-json\/wp\/v2\/posts"}],"about":[{"href":"https:\/\/blogdoedvaldomagalhaes.com.br\/index.php\/wp-json\/wp\/v2\/types\/post"}],"author":[{"embeddable":true,"href":"https:\/\/blogdoedvaldomagalhaes.com.br\/index.php\/wp-json\/wp\/v2\/users\/1"}],"replies":[{"embeddable":true,"href":"https:\/\/blogdoedvaldomagalhaes.com.br\/index.php\/wp-json\/wp\/v2\/comments?post=68306"}],"version-history":[{"count":1,"href":"https:\/\/blogdoedvaldomagalhaes.com.br\/index.php\/wp-json\/wp\/v2\/posts\/68306\/revisions"}],"predecessor-version":[{"id":68308,"href":"https:\/\/blogdoedvaldomagalhaes.com.br\/index.php\/wp-json\/wp\/v2\/posts\/68306\/revisions\/68308"}],"wp:featuredmedia":[{"embeddable":true,"href":"https:\/\/blogdoedvaldomagalhaes.com.br\/index.php\/wp-json\/wp\/v2\/media\/68307"}],"wp:attachment":[{"href":"https:\/\/blogdoedvaldomagalhaes.com.br\/index.php\/wp-json\/wp\/v2\/media?parent=68306"}],"wp:term":[{"taxonomy":"category","embeddable":true,"href":"https:\/\/blogdoedvaldomagalhaes.com.br\/index.php\/wp-json\/wp\/v2\/categories?post=68306"},{"taxonomy":"post_tag","embeddable":true,"href":"https:\/\/blogdoedvaldomagalhaes.com.br\/index.php\/wp-json\/wp\/v2\/tags?post=68306"}],"curies":[{"name":"wp","href":"https:\/\/api.w.org\/{rel}","templated":true}]}}