{"id":68303,"date":"2021-03-27T11:29:23","date_gmt":"2021-03-27T14:29:23","guid":{"rendered":"https:\/\/blogdoedvaldomagalhaes.com.br\/?p=68303"},"modified":"2021-03-27T11:29:25","modified_gmt":"2021-03-27T14:29:25","slug":"bruxismo-entenda-o-que-e-essa-disfuncao-que-pode-afetar-sua-vida","status":"publish","type":"post","link":"https:\/\/blogdoedvaldomagalhaes.com.br\/index.php\/2021\/03\/27\/bruxismo-entenda-o-que-e-essa-disfuncao-que-pode-afetar-sua-vida\/","title":{"rendered":"Bruxismo: entenda o que \u00e9 essa disfun\u00e7\u00e3o que pode afetar sua vida"},"content":{"rendered":"<p style=\"text-align: justify;\"><span style=\"font-size: inherit;\">O bruxismo \u00e9 uma doen\u00e7a funcional que tem como principal caracter\u00edstica o ranger ou aperto dos dentes durante o sono. Essa desordem pode acarretar v\u00e1rios problemas aos dentes como desgaste e amolecimento dos dentes, al\u00e9m de tamb\u00e9m causar problemas aos ossos gengivas e articula\u00e7\u00f5es da mand\u00edbula (ATM). Em 2020, o bruxismo foi uma das doen\u00e7as que mais cresceu j\u00e1 que uma de suas causas \u00e9 a ansiedade e o estresse.<\/span><\/p>\n<p style=\"text-align: justify;\">A dentista Luedja Ara\u00fajo, credenciada ao cart\u00e3o Sa\u00fade S\u00e3o Gabriel, explica as consequ\u00eancias da doen\u00e7a. &#8220;\u00c9 comum que os pacientes cheguem no consult\u00f3rio se queixando de dores de cabe\u00e7a, musculatura da mand\u00edbula cansada, n\u00e3o consegue dormir bem, tem dificuldades de abertura bucal entre outros sintomas. Tudo isso dificulta a vida do paciente que perde a qualidade de vida, n\u00e3o consegue comer e dormir\u201d, afirma.<\/p>\n<p style=\"text-align: justify;\">A dentista explica que ainda n\u00e3o se sabe as causas da doen\u00e7a, mas ela \u00e9 comum em pacientes que apresentem quadro de ansiedade e estresse. &#8220;O melhor rem\u00e9dio \u00e9 sempre a preven\u00e7\u00e3o. Depois que os sintomas est\u00e3o instalados, o tratamento \u00e9 muito mais demorado e muito mais dif\u00edcil de ser curado. Ent\u00e3o, n\u00f3s recomendamos aos pacientes que eles fa\u00e7am alguma atividade f\u00edsica ou de lazer durante o dia para que eles n\u00e3o tenham um pico de estresse t\u00e3o alto. Em alguns casos mais graves, \u00e9 ideal que o paciente utilize um protetor bucal ou a aplica\u00e7\u00e3o de uma toxina botul\u00ednica&#8221;, orienta a dentista Luedja Ara\u00fajo.<\/p>\n","protected":false},"excerpt":{"rendered":"<p>O bruxismo \u00e9 uma doen\u00e7a funcional que tem como principal caracter\u00edstica o ranger ou aperto dos dentes durante o sono.&hellip;<\/p>\n","protected":false},"author":1,"featured_media":68304,"comment_status":"open","ping_status":"open","sticky":false,"template":"","format":"standard","meta":{"footnotes":""},"categories":[14120],"tags":[2,19532,21186,1950],"class_list":["post-68303","post","type-post","status-publish","format-standard","has-post-thumbnail","hentry","category-noticias","tag-blog-do-edvaldo-magalhaes","tag-blog-mais-acessado-e-visualizado-de-caruaru-e-regiao","tag-bruxismo-entenda-o-que-e-essa-disfuncao-que-pode-afetar-sua-vida","tag-noticias-de-caruaru"],"_links":{"self":[{"href":"https:\/\/blogdoedvaldomagalhaes.com.br\/index.php\/wp-json\/wp\/v2\/posts\/68303","targetHints":{"allow":["GET"]}}],"collection":[{"href":"https:\/\/blogdoedvaldomagalhaes.com.br\/index.php\/wp-json\/wp\/v2\/posts"}],"about":[{"href":"https:\/\/blogdoedvaldomagalhaes.com.br\/index.php\/wp-json\/wp\/v2\/types\/post"}],"author":[{"embeddable":true,"href":"https:\/\/blogdoedvaldomagalhaes.com.br\/index.php\/wp-json\/wp\/v2\/users\/1"}],"replies":[{"embeddable":true,"href":"https:\/\/blogdoedvaldomagalhaes.com.br\/index.php\/wp-json\/wp\/v2\/comments?post=68303"}],"version-history":[{"count":1,"href":"https:\/\/blogdoedvaldomagalhaes.com.br\/index.php\/wp-json\/wp\/v2\/posts\/68303\/revisions"}],"predecessor-version":[{"id":68305,"href":"https:\/\/blogdoedvaldomagalhaes.com.br\/index.php\/wp-json\/wp\/v2\/posts\/68303\/revisions\/68305"}],"wp:featuredmedia":[{"embeddable":true,"href":"https:\/\/blogdoedvaldomagalhaes.com.br\/index.php\/wp-json\/wp\/v2\/media\/68304"}],"wp:attachment":[{"href":"https:\/\/blogdoedvaldomagalhaes.com.br\/index.php\/wp-json\/wp\/v2\/media?parent=68303"}],"wp:term":[{"taxonomy":"category","embeddable":true,"href":"https:\/\/blogdoedvaldomagalhaes.com.br\/index.php\/wp-json\/wp\/v2\/categories?post=68303"},{"taxonomy":"post_tag","embeddable":true,"href":"https:\/\/blogdoedvaldomagalhaes.com.br\/index.php\/wp-json\/wp\/v2\/tags?post=68303"}],"curies":[{"name":"wp","href":"https:\/\/api.w.org\/{rel}","templated":true}]}}