{"id":68300,"date":"2021-03-27T11:15:26","date_gmt":"2021-03-27T14:15:26","guid":{"rendered":"https:\/\/blogdoedvaldomagalhaes.com.br\/?p=68300"},"modified":"2021-03-27T11:15:28","modified_gmt":"2021-03-27T14:15:28","slug":"habitos-saudaveis-podem-prevenir-cancer-de-intestino-alerta-especialista","status":"publish","type":"post","link":"https:\/\/blogdoedvaldomagalhaes.com.br\/index.php\/2021\/03\/27\/habitos-saudaveis-podem-prevenir-cancer-de-intestino-alerta-especialista\/","title":{"rendered":"H\u00e1bitos saud\u00e1veis podem prevenir c\u00e2ncer de intestino, alerta especialista"},"content":{"rendered":"<p style=\"text-align: justify;\"><span style=\"font-size: inherit;\">Conhecidos por poucos, o c\u00e2ncer colorretal (c\u00e2ncer de intestino), \u00e9 o segundo tipo de tumor que mais mata em todo o pa\u00eds. No Brasil, o c\u00e2ncer colorretal atingi 40 mil pessoas por ano. Com o envelhecimento da popula\u00e7\u00e3o , estima-se que esse n\u00famero de mortalidade em virtude da doen\u00e7a aumente at\u00e9 2025.<\/span><\/p>\n<p style=\"text-align: justify;\">De acordo com o m\u00e9dico gastroenterologista Carlos Bou\u00e7anova, hoje, a chance de uma pessoa desenvolver a doen\u00e7a \u00e9 de 4,3% sendo mais comum em homens e mulheres acima de 45 anos ou que j\u00e1 tenham casos na fam\u00edlia. \u2018\u2019Apesar da alta taxa de mortalidade, o c\u00e2ncer colorretal tem cura e o diagn\u00f3stico precoce ainda \u00e9 a melhor solu\u00e7\u00e3o\u201d Enfatiza o m\u00e9dico.<\/p>\n<p style=\"text-align: justify;\">A campanha do Mar\u00e7o azul tem por objetivo alertar a popula\u00e7\u00e3o sobre os principais sintomas da doen\u00e7a e mostrar que h\u00e1bitos saud\u00e1veis podem auxiliar no combate.<\/p>\n<p style=\"text-align: justify;\">Os principais sintomas s\u00e3o: dor e c\u00f3lica na regi\u00e3o abdominal frequente por mais de 30 dias, sangue nas fezes, emagrecimento r\u00e1pido sem nenhuma explica\u00e7\u00e3o, anemia, cansa\u00e7o e fraqueza entre outros.<\/p>\n<p style=\"text-align: justify;\">Qualquer sintoma constante, \u00e9 orientado procurar um gastroenterologista para que o diagn\u00f3stico possa ser realizado de maneira precoce, onde a chance de cura se torna bem maior.<\/p>\n<p style=\"text-align: justify;\">Formas de preven\u00e7\u00e3o<\/p>\n<p style=\"text-align: justify;\">Entre as formas de preven\u00e7\u00e3o est\u00e3o a pr\u00e1tica de exerc\u00edcio f\u00edsico regularmente, sendo orientado 30 minutos por dia, o consumo de bastante \u00e1gua, o equivalente a dois litros di\u00e1rios. Os especialistas tamb\u00e9m orientam uma alimenta\u00e7\u00e3o rica em fibras, com pelo menos 3 por\u00e7\u00f5es de frutas e 3 de verduras por dia. Al\u00e9m de manter o peso de acordo com sua altura.<\/p>\n<p style=\"text-align: justify;\">O que deve ser evitado?<\/p>\n<p style=\"text-align: justify;\">O consumo de bebidas alco\u00f3licas, fumo, al\u00e9m da redu\u00e7\u00e3o de carne vermelhas, principalmente na chapa ou na forma de frituras ,grelhados ou churrasco. Sendo tamb\u00e9m orientado evitar carnes salgadas e processadas, como presunto, mortadela, salsicha, lingui\u00e7a, entre outros embutidos ou defumados.<\/p>\n<p style=\"text-align: justify;\">Se voc\u00ea sentir qualquer sintoma citado acima, n\u00e3o perca tempo, procure um gastroenterologista e previna-se.<\/p>\n","protected":false},"excerpt":{"rendered":"<p>Conhecidos por poucos, o c\u00e2ncer colorretal (c\u00e2ncer de intestino), \u00e9 o segundo tipo de tumor que mais mata em todo&hellip;<\/p>\n","protected":false},"author":1,"featured_media":68301,"comment_status":"open","ping_status":"open","sticky":false,"template":"","format":"standard","meta":{"footnotes":""},"categories":[14120],"tags":[2,19532,21185,1950],"class_list":["post-68300","post","type-post","status-publish","format-standard","has-post-thumbnail","hentry","category-noticias","tag-blog-do-edvaldo-magalhaes","tag-blog-mais-acessado-e-visualizado-de-caruaru-e-regiao","tag-habitos-saudaveis-podem-prevenir-cancer-de-intestino-alerta-especialista","tag-noticias-de-caruaru"],"_links":{"self":[{"href":"https:\/\/blogdoedvaldomagalhaes.com.br\/index.php\/wp-json\/wp\/v2\/posts\/68300","targetHints":{"allow":["GET"]}}],"collection":[{"href":"https:\/\/blogdoedvaldomagalhaes.com.br\/index.php\/wp-json\/wp\/v2\/posts"}],"about":[{"href":"https:\/\/blogdoedvaldomagalhaes.com.br\/index.php\/wp-json\/wp\/v2\/types\/post"}],"author":[{"embeddable":true,"href":"https:\/\/blogdoedvaldomagalhaes.com.br\/index.php\/wp-json\/wp\/v2\/users\/1"}],"replies":[{"embeddable":true,"href":"https:\/\/blogdoedvaldomagalhaes.com.br\/index.php\/wp-json\/wp\/v2\/comments?post=68300"}],"version-history":[{"count":1,"href":"https:\/\/blogdoedvaldomagalhaes.com.br\/index.php\/wp-json\/wp\/v2\/posts\/68300\/revisions"}],"predecessor-version":[{"id":68302,"href":"https:\/\/blogdoedvaldomagalhaes.com.br\/index.php\/wp-json\/wp\/v2\/posts\/68300\/revisions\/68302"}],"wp:featuredmedia":[{"embeddable":true,"href":"https:\/\/blogdoedvaldomagalhaes.com.br\/index.php\/wp-json\/wp\/v2\/media\/68301"}],"wp:attachment":[{"href":"https:\/\/blogdoedvaldomagalhaes.com.br\/index.php\/wp-json\/wp\/v2\/media?parent=68300"}],"wp:term":[{"taxonomy":"category","embeddable":true,"href":"https:\/\/blogdoedvaldomagalhaes.com.br\/index.php\/wp-json\/wp\/v2\/categories?post=68300"},{"taxonomy":"post_tag","embeddable":true,"href":"https:\/\/blogdoedvaldomagalhaes.com.br\/index.php\/wp-json\/wp\/v2\/tags?post=68300"}],"curies":[{"name":"wp","href":"https:\/\/api.w.org\/{rel}","templated":true}]}}