{"id":683,"date":"2018-11-18T14:53:00","date_gmt":"2018-11-18T16:53:00","guid":{"rendered":"http:\/\/blogdoedvaldomagalhaes.com.br\/index.php\/2018\/11\/18\/duplo-homicidio-na-zona-rural-de\/"},"modified":"2019-02-09T02:41:51","modified_gmt":"2019-02-09T04:41:51","slug":"duplo-homicidio-na-zona-rural-de","status":"publish","type":"post","link":"https:\/\/blogdoedvaldomagalhaes.com.br\/index.php\/2018\/11\/18\/duplo-homicidio-na-zona-rural-de\/","title":{"rendered":"Duplo homic\u00eddio na zona rural de Altinho-PE"},"content":{"rendered":"<div class=\"separator\" style=\"clear: both; text-align: center;\">\n<a href=\"https:\/\/3.bp.blogspot.com\/-i98FddPzIMA\/W_F8EVZe_qI\/AAAAAAAA93k\/Lg-VQ4pB9TAhWlWmIxXTyv0q7zp3ma1PACLcBGAs\/s1600\/pol%25C3%25ADcia.jpg\" imageanchor=\"1\" style=\"margin-left: 1em; margin-right: 1em;\"><img loading=\"lazy\" decoding=\"async\" border=\"0\" data-original-height=\"360\" data-original-width=\"480\" height=\"480\" src=\"http:\/\/blogdoedvaldomagalhaes.com.br\/wp-content\/uploads\/2018\/11\/polC3ADcia.jpg\" width=\"640\" \/><\/a><\/div>\n<p><\/p>\n<div style=\"text-align: justify;\">\nSegundo informa\u00e7\u00f5es, tr\u00eas pessoas estavam retornando de uma festa, na manh\u00e3 deste domingo (18), quando na estrada do s\u00edtio Jaboticaba, zona rural de Altinho, no Agreste de Pernambuco, foram perseguidos e alvejados por disparos de arma de fogo. Lorival Jo\u00e3o de Melo Santos, de 17 anos, morreu no local e Andr\u00e9 Luiz de Almeida, 30 morreu a caminho da Unidade Mista de Altinho, o outro jovem que estava entre as vitimas ainda n\u00e3o foi localizado pela policia.<\/p>\n<div class=\"separator\" style=\"clear: both; text-align: center;\">\n<a href=\"https:\/\/4.bp.blogspot.com\/-LrAK7qwLGLA\/W_Gq8Q0GlcI\/AAAAAAAA948\/2WdtqNhzxtQ_ruYJPdRciB8-aCzjyqBJACLcBGAs\/s1600\/moyo.jpg\" imageanchor=\"1\" style=\"margin-left: 1em; margin-right: 1em;\"><img loading=\"lazy\" decoding=\"async\" border=\"0\" data-original-height=\"480\" data-original-width=\"640\" height=\"480\" src=\"http:\/\/blogdoedvaldomagalhaes.com.br\/wp-content\/uploads\/2018\/11\/moyo.jpg\" width=\"640\" \/><\/a><\/div>\n<div class=\"separator\" style=\"clear: both; text-align: center;\">\nAs v\u00edtimas estavam na moto da foto<\/div>\n<div class=\"separator\" style=\"clear: both; text-align: center;\">\n<a href=\"https:\/\/2.bp.blogspot.com\/-676ZJmwhaCM\/W_F-WGFv55I\/AAAAAAAA93w\/s8dPzSXcOIsHTb4PbdBK0BWoFh-ODsCZACLcBGAs\/s1600\/IMG-20181118-WA0024.jpg\" imageanchor=\"1\" style=\"margin-left: 1em; margin-right: 1em;\"><img loading=\"lazy\" decoding=\"async\" border=\"0\" data-original-height=\"762\" data-original-width=\"429\" height=\"640\" src=\"http:\/\/blogdoedvaldomagalhaes.com.br\/wp-content\/uploads\/2018\/11\/IMG-20181118-WA0024.jpg\" width=\"360\" \/><\/a><\/div>\n<div class=\"separator\" style=\"clear: both; text-align: center;\">\nLourival Jo\u00e3o de Melo Santos<\/div>\n<div class=\"separator\" style=\"clear: both; text-align: center;\">\n<a href=\"https:\/\/2.bp.blogspot.com\/-QPX8DQG8T_o\/W_GrvAxLGwI\/AAAAAAAA95E\/BvbLD4S-qHob3YryEslA1zTu9sfbbQdeQCLcBGAs\/s1600\/ojk.jpg\" imageanchor=\"1\" style=\"margin-left: 1em; margin-right: 1em;\"><img loading=\"lazy\" decoding=\"async\" border=\"0\" data-original-height=\"547\" data-original-width=\"201\" height=\"640\" src=\"http:\/\/blogdoedvaldomagalhaes.com.br\/wp-content\/uploads\/2018\/11\/ojk.jpg\" width=\"230\" \/><\/a><\/div>\n<div class=\"separator\" style=\"clear: both; text-align: center;\">\nAndr\u00e9 Luiz de Almeida<\/div>\n<p><\/div>\n","protected":false},"excerpt":{"rendered":"<p>Segundo informa\u00e7\u00f5es, tr\u00eas pessoas estavam retornando de uma festa, na manh\u00e3 deste domingo (18), quando na estrada do s\u00edtio Jaboticaba,&hellip;<\/p>\n","protected":false},"author":1,"featured_media":0,"comment_status":"open","ping_status":"open","sticky":false,"template":"","format":"standard","meta":{"footnotes":""},"categories":[1],"tags":[2,620,13],"class_list":["post-683","post","type-post","status-publish","format-standard","hentry","category-sem-categoria","tag-blog-do-edvaldo-magalhaes","tag-duplo-homicidio-na-zona-rural-de-altinho-pe","tag-policial"],"_links":{"self":[{"href":"https:\/\/blogdoedvaldomagalhaes.com.br\/index.php\/wp-json\/wp\/v2\/posts\/683","targetHints":{"allow":["GET"]}}],"collection":[{"href":"https:\/\/blogdoedvaldomagalhaes.com.br\/index.php\/wp-json\/wp\/v2\/posts"}],"about":[{"href":"https:\/\/blogdoedvaldomagalhaes.com.br\/index.php\/wp-json\/wp\/v2\/types\/post"}],"author":[{"embeddable":true,"href":"https:\/\/blogdoedvaldomagalhaes.com.br\/index.php\/wp-json\/wp\/v2\/users\/1"}],"replies":[{"embeddable":true,"href":"https:\/\/blogdoedvaldomagalhaes.com.br\/index.php\/wp-json\/wp\/v2\/comments?post=683"}],"version-history":[{"count":1,"href":"https:\/\/blogdoedvaldomagalhaes.com.br\/index.php\/wp-json\/wp\/v2\/posts\/683\/revisions"}],"predecessor-version":[{"id":35957,"href":"https:\/\/blogdoedvaldomagalhaes.com.br\/index.php\/wp-json\/wp\/v2\/posts\/683\/revisions\/35957"}],"wp:attachment":[{"href":"https:\/\/blogdoedvaldomagalhaes.com.br\/index.php\/wp-json\/wp\/v2\/media?parent=683"}],"wp:term":[{"taxonomy":"category","embeddable":true,"href":"https:\/\/blogdoedvaldomagalhaes.com.br\/index.php\/wp-json\/wp\/v2\/categories?post=683"},{"taxonomy":"post_tag","embeddable":true,"href":"https:\/\/blogdoedvaldomagalhaes.com.br\/index.php\/wp-json\/wp\/v2\/tags?post=683"}],"curies":[{"name":"wp","href":"https:\/\/api.w.org\/{rel}","templated":true}]}}