{"id":68297,"date":"2021-03-27T09:06:46","date_gmt":"2021-03-27T12:06:46","guid":{"rendered":"https:\/\/blogdoedvaldomagalhaes.com.br\/?p=68297"},"modified":"2021-03-27T09:06:47","modified_gmt":"2021-03-27T12:06:47","slug":"caruaru-agenda-vacinacao-contra-covid-19-para-idosos-a-partir-de-65-anos","status":"publish","type":"post","link":"https:\/\/blogdoedvaldomagalhaes.com.br\/index.php\/2021\/03\/27\/caruaru-agenda-vacinacao-contra-covid-19-para-idosos-a-partir-de-65-anos\/","title":{"rendered":"Caruaru agenda vacina\u00e7\u00e3o contra covid-19 para idosos a partir de 65 anos"},"content":{"rendered":"<p style=\"text-align: justify;\"><span style=\"font-size: inherit;\">A Secretaria de Sa\u00fade de Caruaru, ampliou a vacina\u00e7\u00e3o para idosos a partir de 65 anos. O agendamento j\u00e1 est\u00e1 dispon\u00edvel e deve ser feito pelo site www.vacina.caruaru.pe.gov.br ou pelo Disque-Vacina pelo 0800 281 7080.<\/span><\/p>\n<p style=\"text-align: justify;\">A imuniza\u00e7\u00e3o acontece no Centro de Vacina\u00e7\u00e3o, que fica no Espa\u00e7o Cultural Tancredo Neves, das 7h \u00e0s 19h. No dia agendado, \u00e9 obrigat\u00f3rio levar documento oficial com foto, cart\u00e3o do SUS, c\u00f3pia do CPF e comprovante de resid\u00eancia.<\/p>\n<p style=\"text-align: justify;\">A vacina\u00e7\u00e3o dos acamados nesta faixa et\u00e1ria tamb\u00e9m deve ser feita, com agendamento pr\u00e9vio, pelo Disque-Vacina no 0800 281 7080.<\/p>\n<p style=\"text-align: justify;\">Com a chegada de novas doses e com a amplia\u00e7\u00e3o de hor\u00e1rio e dias de vacina\u00e7\u00e3o, Caruaru est\u00e1 conseguindo acelerar a vacina\u00e7\u00e3o no munic\u00edpio.<\/p>\n<p style=\"text-align: justify;\">Na \u00faltima quarta-feira (24), foram aplicadas 1.126 doses das vacinas nos grupos priorit\u00e1rios, que incluem idosos com mais de 68 anos e profissionais da sa\u00fade, que se vacinaram no Centro de Vacina\u00e7\u00e3o. J\u00e1 nessa quinta-feira (25), 259 idosos da zona rural e idosos acamados receberam a dose da vacina nas suas resid\u00eancias.<\/p>\n","protected":false},"excerpt":{"rendered":"<p>A Secretaria de Sa\u00fade de Caruaru, ampliou a vacina\u00e7\u00e3o para idosos a partir de 65 anos. O agendamento j\u00e1 est\u00e1&hellip;<\/p>\n","protected":false},"author":1,"featured_media":68298,"comment_status":"open","ping_status":"open","sticky":false,"template":"","format":"standard","meta":{"footnotes":""},"categories":[14120],"tags":[2,19532,21184,1950,19670],"class_list":["post-68297","post","type-post","status-publish","format-standard","has-post-thumbnail","hentry","category-noticias","tag-blog-do-edvaldo-magalhaes","tag-blog-mais-acessado-e-visualizado-de-caruaru-e-regiao","tag-caruaru-agenda-vacinacao-contra-covid-19-para-idosos-a-partir-de-65-anos","tag-noticias-de-caruaru","tag-novo-coronavirus"],"_links":{"self":[{"href":"https:\/\/blogdoedvaldomagalhaes.com.br\/index.php\/wp-json\/wp\/v2\/posts\/68297","targetHints":{"allow":["GET"]}}],"collection":[{"href":"https:\/\/blogdoedvaldomagalhaes.com.br\/index.php\/wp-json\/wp\/v2\/posts"}],"about":[{"href":"https:\/\/blogdoedvaldomagalhaes.com.br\/index.php\/wp-json\/wp\/v2\/types\/post"}],"author":[{"embeddable":true,"href":"https:\/\/blogdoedvaldomagalhaes.com.br\/index.php\/wp-json\/wp\/v2\/users\/1"}],"replies":[{"embeddable":true,"href":"https:\/\/blogdoedvaldomagalhaes.com.br\/index.php\/wp-json\/wp\/v2\/comments?post=68297"}],"version-history":[{"count":1,"href":"https:\/\/blogdoedvaldomagalhaes.com.br\/index.php\/wp-json\/wp\/v2\/posts\/68297\/revisions"}],"predecessor-version":[{"id":68299,"href":"https:\/\/blogdoedvaldomagalhaes.com.br\/index.php\/wp-json\/wp\/v2\/posts\/68297\/revisions\/68299"}],"wp:featuredmedia":[{"embeddable":true,"href":"https:\/\/blogdoedvaldomagalhaes.com.br\/index.php\/wp-json\/wp\/v2\/media\/68298"}],"wp:attachment":[{"href":"https:\/\/blogdoedvaldomagalhaes.com.br\/index.php\/wp-json\/wp\/v2\/media?parent=68297"}],"wp:term":[{"taxonomy":"category","embeddable":true,"href":"https:\/\/blogdoedvaldomagalhaes.com.br\/index.php\/wp-json\/wp\/v2\/categories?post=68297"},{"taxonomy":"post_tag","embeddable":true,"href":"https:\/\/blogdoedvaldomagalhaes.com.br\/index.php\/wp-json\/wp\/v2\/tags?post=68297"}],"curies":[{"name":"wp","href":"https:\/\/api.w.org\/{rel}","templated":true}]}}