{"id":68294,"date":"2021-03-26T21:16:04","date_gmt":"2021-03-27T00:16:04","guid":{"rendered":"https:\/\/blogdoedvaldomagalhaes.com.br\/?p=68294"},"modified":"2021-03-26T21:16:07","modified_gmt":"2021-03-27T00:16:07","slug":"adolescente-de-17-anos-morre-em-acidente-de-moto-em-caruaru","status":"publish","type":"post","link":"https:\/\/blogdoedvaldomagalhaes.com.br\/index.php\/2021\/03\/26\/adolescente-de-17-anos-morre-em-acidente-de-moto-em-caruaru\/","title":{"rendered":"Adolescente de 17 anos morre em acidente de moto em Caruaru"},"content":{"rendered":"<p style=\"text-align: justify;\">Um acidente de moto na tarde desta sexta-feira (26), em Caruaru, Agreste de Pernambuco. Jo\u00e3o Elton de Medeiros trafegava do bairro S\u00e3o Jo\u00e3o da Esc\u00f3cia sentido PE-95, quando colidiu em um poste, em frente ao Loteamento Eldorado.<\/p>\n<p style=\"padding-left: 40px; text-align: justify;\">Uma equipe do SAMU esteve no local, mas j\u00e1 encontrou o rapaz em \u00f3bito. A v\u00edtima morava na rua R-5, bairro Cidade Jardim. O corpo ser\u00e1 encaminhado para o Instituto de Medicina Legal (IML).<\/p>\n","protected":false},"excerpt":{"rendered":"<p>Um acidente de moto na tarde desta sexta-feira (26), em Caruaru, Agreste de Pernambuco. Jo\u00e3o Elton de Medeiros trafegava do&hellip;<\/p>\n","protected":false},"author":1,"featured_media":68295,"comment_status":"open","ping_status":"open","sticky":false,"template":"","format":"standard","meta":{"footnotes":""},"categories":[14120],"tags":[21183,2,19532,1950],"class_list":["post-68294","post","type-post","status-publish","format-standard","has-post-thumbnail","hentry","category-noticias","tag-adolescente-de-17-anos-morre-em-acidente-de-moto-em-caruaru","tag-blog-do-edvaldo-magalhaes","tag-blog-mais-acessado-e-visualizado-de-caruaru-e-regiao","tag-noticias-de-caruaru"],"_links":{"self":[{"href":"https:\/\/blogdoedvaldomagalhaes.com.br\/index.php\/wp-json\/wp\/v2\/posts\/68294","targetHints":{"allow":["GET"]}}],"collection":[{"href":"https:\/\/blogdoedvaldomagalhaes.com.br\/index.php\/wp-json\/wp\/v2\/posts"}],"about":[{"href":"https:\/\/blogdoedvaldomagalhaes.com.br\/index.php\/wp-json\/wp\/v2\/types\/post"}],"author":[{"embeddable":true,"href":"https:\/\/blogdoedvaldomagalhaes.com.br\/index.php\/wp-json\/wp\/v2\/users\/1"}],"replies":[{"embeddable":true,"href":"https:\/\/blogdoedvaldomagalhaes.com.br\/index.php\/wp-json\/wp\/v2\/comments?post=68294"}],"version-history":[{"count":1,"href":"https:\/\/blogdoedvaldomagalhaes.com.br\/index.php\/wp-json\/wp\/v2\/posts\/68294\/revisions"}],"predecessor-version":[{"id":68296,"href":"https:\/\/blogdoedvaldomagalhaes.com.br\/index.php\/wp-json\/wp\/v2\/posts\/68294\/revisions\/68296"}],"wp:featuredmedia":[{"embeddable":true,"href":"https:\/\/blogdoedvaldomagalhaes.com.br\/index.php\/wp-json\/wp\/v2\/media\/68295"}],"wp:attachment":[{"href":"https:\/\/blogdoedvaldomagalhaes.com.br\/index.php\/wp-json\/wp\/v2\/media?parent=68294"}],"wp:term":[{"taxonomy":"category","embeddable":true,"href":"https:\/\/blogdoedvaldomagalhaes.com.br\/index.php\/wp-json\/wp\/v2\/categories?post=68294"},{"taxonomy":"post_tag","embeddable":true,"href":"https:\/\/blogdoedvaldomagalhaes.com.br\/index.php\/wp-json\/wp\/v2\/tags?post=68294"}],"curies":[{"name":"wp","href":"https:\/\/api.w.org\/{rel}","templated":true}]}}