{"id":68289,"date":"2021-03-26T17:57:36","date_gmt":"2021-03-26T20:57:36","guid":{"rendered":"https:\/\/blogdoedvaldomagalhaes.com.br\/?p=68289"},"modified":"2021-03-26T18:03:58","modified_gmt":"2021-03-26T21:03:58","slug":"votos-de-pesar-galego-de-lajes-se-solidariza-com-familiares-de-vitimas-da-covid-19","status":"publish","type":"post","link":"https:\/\/blogdoedvaldomagalhaes.com.br\/index.php\/2021\/03\/26\/votos-de-pesar-galego-de-lajes-se-solidariza-com-familiares-de-vitimas-da-covid-19\/","title":{"rendered":"Votos de Pesar: Galego de Lajes se solidariza com familiares de v\u00edtimas da covid-19"},"content":{"rendered":"<p style=\"text-align: justify;\">O vereador Galego de Lajes (MDB), participou da Reuni\u00e3o Plen\u00e1ria Virtual da C\u00e2mara Municipal de Caruaru, nessa quinta-feira (26), e se solidarizou com familiares de v\u00edtimas da covid-19. A C\u00e2mara aprovou um requerimento com votos de pesar pelas 500 mortes por v\u00edtimas da covid-19, e Galego de Lajes assinou, lamentando as perdas.<\/p>\n<p style=\"text-align: justify;\">Galego de Lajes, tamb\u00e9m assinou o requerimento com Votos de Pesar pelo falecimento do radialistas Ivan Fernandes Bulh\u00f5es.<\/p>\n<p style=\"text-align: justify;\">Galego de Lajes, requer a instala\u00e7\u00e3o da Rede El\u00e9trica Baixa no acesso dos Loteamentos Planalto Caruaru e Village Alto do Moura, localizado no bairro Alto do Moura, nesta cidade.<\/p>\n<p>Foto: Vladimir Barreto.<\/p>\n","protected":false},"excerpt":{"rendered":"<p>O vereador Galego de Lajes (MDB), participou da Reuni\u00e3o Plen\u00e1ria Virtual da C\u00e2mara Municipal de Caruaru, nessa quinta-feira (26), e&hellip;<\/p>\n","protected":false},"author":1,"featured_media":68291,"comment_status":"open","ping_status":"open","sticky":false,"template":"","format":"standard","meta":{"footnotes":""},"categories":[14122],"tags":[2,19532,1950,21182],"class_list":["post-68289","post","type-post","status-publish","format-standard","has-post-thumbnail","hentry","category-politica","tag-blog-do-edvaldo-magalhaes","tag-blog-mais-acessado-e-visualizado-de-caruaru-e-regiao","tag-noticias-de-caruaru","tag-votos-de-pesar-galego-de-lajes-se-solidariza-com-familiares-de-vitimas-da-covid-19"],"_links":{"self":[{"href":"https:\/\/blogdoedvaldomagalhaes.com.br\/index.php\/wp-json\/wp\/v2\/posts\/68289","targetHints":{"allow":["GET"]}}],"collection":[{"href":"https:\/\/blogdoedvaldomagalhaes.com.br\/index.php\/wp-json\/wp\/v2\/posts"}],"about":[{"href":"https:\/\/blogdoedvaldomagalhaes.com.br\/index.php\/wp-json\/wp\/v2\/types\/post"}],"author":[{"embeddable":true,"href":"https:\/\/blogdoedvaldomagalhaes.com.br\/index.php\/wp-json\/wp\/v2\/users\/1"}],"replies":[{"embeddable":true,"href":"https:\/\/blogdoedvaldomagalhaes.com.br\/index.php\/wp-json\/wp\/v2\/comments?post=68289"}],"version-history":[{"count":2,"href":"https:\/\/blogdoedvaldomagalhaes.com.br\/index.php\/wp-json\/wp\/v2\/posts\/68289\/revisions"}],"predecessor-version":[{"id":68293,"href":"https:\/\/blogdoedvaldomagalhaes.com.br\/index.php\/wp-json\/wp\/v2\/posts\/68289\/revisions\/68293"}],"wp:featuredmedia":[{"embeddable":true,"href":"https:\/\/blogdoedvaldomagalhaes.com.br\/index.php\/wp-json\/wp\/v2\/media\/68291"}],"wp:attachment":[{"href":"https:\/\/blogdoedvaldomagalhaes.com.br\/index.php\/wp-json\/wp\/v2\/media?parent=68289"}],"wp:term":[{"taxonomy":"category","embeddable":true,"href":"https:\/\/blogdoedvaldomagalhaes.com.br\/index.php\/wp-json\/wp\/v2\/categories?post=68289"},{"taxonomy":"post_tag","embeddable":true,"href":"https:\/\/blogdoedvaldomagalhaes.com.br\/index.php\/wp-json\/wp\/v2\/tags?post=68289"}],"curies":[{"name":"wp","href":"https:\/\/api.w.org\/{rel}","templated":true}]}}