{"id":68285,"date":"2021-03-26T10:51:14","date_gmt":"2021-03-26T13:51:14","guid":{"rendered":"https:\/\/blogdoedvaldomagalhaes.com.br\/?p=68285"},"modified":"2021-03-26T10:51:17","modified_gmt":"2021-03-26T13:51:17","slug":"homens-sao-presos-com-carne-de-jumento-em-porta-malas-de-carro-no-agreste-pe","status":"publish","type":"post","link":"https:\/\/blogdoedvaldomagalhaes.com.br\/index.php\/2021\/03\/26\/homens-sao-presos-com-carne-de-jumento-em-porta-malas-de-carro-no-agreste-pe\/","title":{"rendered":"Homens s\u00e3o presos com carne de jumento em porta-malas de carro no Agreste-PE"},"content":{"rendered":"<p style=\"text-align: justify;\"><span style=\"font-size: inherit;\">Tr\u00eas homens foram presos na manh\u00e3 de ontem (25) suspeitos de cometer crime contra a economia e as rela\u00e7\u00f5es de consumo, no munic\u00edpio de Limoeiro. Policiais Militares da 6\u00aa Companhia Independente da Pol\u00edcia Militar foram acionados pela Central de Opera\u00e7\u00f5es para uma ocorr\u00eancia de funcionamento de um poss\u00edvel matadouro clandestino. <\/span><\/p>\n<p style=\"text-align: justify;\"><span style=\"font-size: inherit;\">O efetivo, em conjunto com o N\u00facleo de Intelig\u00eancia da unidade, montou uma estrat\u00e9gia operacional que resultou na pris\u00e3o dos envolvidos no momento em que trafegavam pela estrada de acesso ao S\u00edtio Bonsucesso. Os policiais procederam uma abordagem e, nos dois ve\u00edculos abordados, foram encontrados uma carca\u00e7a de animal (possivelmente um jumento), pesando aproximadamente 150kg e , aproximadamente 40kg de carne de jumento, acondicionada no porta-malas.<\/span><\/p>\n<p style=\"text-align: justify;\"><span style=\"font-size: inherit;\"> A ocorr\u00eancia foi encaminhada para a Delegacia de Pol\u00edcia Civil de Limoeiro para serem tomadas as medidas legais cab\u00edveis.<\/span><\/p>\n\n\n<figure class=\"wp-block-image size-large\"><img loading=\"lazy\" decoding=\"async\" width=\"576\" height=\"1024\" src=\"https:\/\/blogdoedvaldomagalhaes.com.br\/wp-content\/uploads\/2021\/03\/IMG-20210326-WA0035-576x1024.jpg\" alt=\"\" class=\"wp-image-68287\" srcset=\"https:\/\/blogdoedvaldomagalhaes.com.br\/wp-content\/uploads\/2021\/03\/IMG-20210326-WA0035-576x1024.jpg 576w, https:\/\/blogdoedvaldomagalhaes.com.br\/wp-content\/uploads\/2021\/03\/IMG-20210326-WA0035-169x300.jpg 169w, https:\/\/blogdoedvaldomagalhaes.com.br\/wp-content\/uploads\/2021\/03\/IMG-20210326-WA0035.jpg 720w\" sizes=\"auto, (max-width: 576px) 100vw, 576px\" \/><figcaption>Fotos: PMPE\/Divulga\u00e7\u00e3o<\/figcaption><\/figure>\n","protected":false},"excerpt":{"rendered":"<p>Tr\u00eas homens foram presos na manh\u00e3 de ontem (25) suspeitos de cometer crime contra a economia e as rela\u00e7\u00f5es de&hellip;<\/p>\n","protected":false},"author":1,"featured_media":68286,"comment_status":"open","ping_status":"open","sticky":false,"template":"","format":"standard","meta":{"footnotes":""},"categories":[14121],"tags":[2,19532,21181],"class_list":["post-68285","post","type-post","status-publish","format-standard","has-post-thumbnail","hentry","category-policial","tag-blog-do-edvaldo-magalhaes","tag-blog-mais-acessado-e-visualizado-de-caruaru-e-regiao","tag-homens-sao-presos-com-carne-de-jumento-em-porta-malas-de-carro-no-agreste-pe"],"_links":{"self":[{"href":"https:\/\/blogdoedvaldomagalhaes.com.br\/index.php\/wp-json\/wp\/v2\/posts\/68285","targetHints":{"allow":["GET"]}}],"collection":[{"href":"https:\/\/blogdoedvaldomagalhaes.com.br\/index.php\/wp-json\/wp\/v2\/posts"}],"about":[{"href":"https:\/\/blogdoedvaldomagalhaes.com.br\/index.php\/wp-json\/wp\/v2\/types\/post"}],"author":[{"embeddable":true,"href":"https:\/\/blogdoedvaldomagalhaes.com.br\/index.php\/wp-json\/wp\/v2\/users\/1"}],"replies":[{"embeddable":true,"href":"https:\/\/blogdoedvaldomagalhaes.com.br\/index.php\/wp-json\/wp\/v2\/comments?post=68285"}],"version-history":[{"count":1,"href":"https:\/\/blogdoedvaldomagalhaes.com.br\/index.php\/wp-json\/wp\/v2\/posts\/68285\/revisions"}],"predecessor-version":[{"id":68288,"href":"https:\/\/blogdoedvaldomagalhaes.com.br\/index.php\/wp-json\/wp\/v2\/posts\/68285\/revisions\/68288"}],"wp:featuredmedia":[{"embeddable":true,"href":"https:\/\/blogdoedvaldomagalhaes.com.br\/index.php\/wp-json\/wp\/v2\/media\/68286"}],"wp:attachment":[{"href":"https:\/\/blogdoedvaldomagalhaes.com.br\/index.php\/wp-json\/wp\/v2\/media?parent=68285"}],"wp:term":[{"taxonomy":"category","embeddable":true,"href":"https:\/\/blogdoedvaldomagalhaes.com.br\/index.php\/wp-json\/wp\/v2\/categories?post=68285"},{"taxonomy":"post_tag","embeddable":true,"href":"https:\/\/blogdoedvaldomagalhaes.com.br\/index.php\/wp-json\/wp\/v2\/tags?post=68285"}],"curies":[{"name":"wp","href":"https:\/\/api.w.org\/{rel}","templated":true}]}}