{"id":68282,"date":"2021-03-26T10:32:04","date_gmt":"2021-03-26T13:32:04","guid":{"rendered":"https:\/\/blogdoedvaldomagalhaes.com.br\/?p=68282"},"modified":"2021-03-26T10:32:05","modified_gmt":"2021-03-26T13:32:05","slug":"oposicao-de-caruaru-emite-nota-sobre-a-saida-de-dois-vereadores","status":"publish","type":"post","link":"https:\/\/blogdoedvaldomagalhaes.com.br\/index.php\/2021\/03\/26\/oposicao-de-caruaru-emite-nota-sobre-a-saida-de-dois-vereadores\/","title":{"rendered":"Oposi\u00e7\u00e3o de Caruaru emite nota sobre a sa\u00edda de dois vereadores"},"content":{"rendered":"<p style=\"text-align: justify;\">Nota da bancada de oposi\u00e7\u00e3o de Caruaru<\/p>\n<p style=\"text-align: justify;\">Os vereadores que fazem parte da bancada de oposi\u00e7\u00e3o na C\u00e2mara de Caruaru recebem com surpresa a not\u00edcia da sa\u00edda dos parlamentares, Anderson Correia e Cabo Cardoso, para atuarem, a partir de agora, como vereadores independentes na Casa.<\/p>\n<p style=\"text-align: justify;\">A bancada lamenta, mas respeita a decis\u00e3o dos vereadores, e acredita que os parlamentares continuar\u00e3o atuando com dedica\u00e7\u00e3o pelo povo de Caruaru.<\/p>\n<p style=\"text-align: justify;\">Vale ressaltar, que continuaremos firmes, defendendo as classes sociais, trabalhando por melhorias na cidade, e junto ao Poder P\u00fablico Municipal, cobrando e apresentando propostas que contribuam para o crescimento do munic\u00edpio. \u201cDesde o in\u00edcio da legislatura 2021, o nosso trabalho foi de unificar a bancada com foco nas discuss\u00f5es que beneficiem a popula\u00e7\u00e3o, realizando uma oposi\u00e7\u00e3o coerente e respons\u00e1vel. Continuaremos assim\u201d, pontuou Fagner Fernandes, l\u00edder da oposi\u00e7\u00e3o na C\u00e2mara.<\/p>\n<p style=\"text-align: justify;\">Por fim, estaremos sempre dispostos a ouvir e contribuir com os demais pares da Casa, para honrar a popula\u00e7\u00e3o de Caruaru.<\/p>\n<p style=\"text-align: justify;\">Atenciosamente,<br \/>\nVereador Fagner Fernandes (PDT), l\u00edder da oposi\u00e7\u00e3o<br \/>\nVereador Galego de Lajes (MDB), membro da oposi\u00e7\u00e3o<\/p>\n","protected":false},"excerpt":{"rendered":"<p>Nota da bancada de oposi\u00e7\u00e3o de Caruaru Os vereadores que fazem parte da bancada de oposi\u00e7\u00e3o na C\u00e2mara de Caruaru&hellip;<\/p>\n","protected":false},"author":1,"featured_media":68283,"comment_status":"open","ping_status":"open","sticky":false,"template":"","format":"standard","meta":{"footnotes":""},"categories":[14122],"tags":[2,19532,1950,21180],"class_list":["post-68282","post","type-post","status-publish","format-standard","has-post-thumbnail","hentry","category-politica","tag-blog-do-edvaldo-magalhaes","tag-blog-mais-acessado-e-visualizado-de-caruaru-e-regiao","tag-noticias-de-caruaru","tag-oposicao-de-caruaru-emite-nota-sobre-a-saida-de-dois-vereadores"],"_links":{"self":[{"href":"https:\/\/blogdoedvaldomagalhaes.com.br\/index.php\/wp-json\/wp\/v2\/posts\/68282","targetHints":{"allow":["GET"]}}],"collection":[{"href":"https:\/\/blogdoedvaldomagalhaes.com.br\/index.php\/wp-json\/wp\/v2\/posts"}],"about":[{"href":"https:\/\/blogdoedvaldomagalhaes.com.br\/index.php\/wp-json\/wp\/v2\/types\/post"}],"author":[{"embeddable":true,"href":"https:\/\/blogdoedvaldomagalhaes.com.br\/index.php\/wp-json\/wp\/v2\/users\/1"}],"replies":[{"embeddable":true,"href":"https:\/\/blogdoedvaldomagalhaes.com.br\/index.php\/wp-json\/wp\/v2\/comments?post=68282"}],"version-history":[{"count":1,"href":"https:\/\/blogdoedvaldomagalhaes.com.br\/index.php\/wp-json\/wp\/v2\/posts\/68282\/revisions"}],"predecessor-version":[{"id":68284,"href":"https:\/\/blogdoedvaldomagalhaes.com.br\/index.php\/wp-json\/wp\/v2\/posts\/68282\/revisions\/68284"}],"wp:featuredmedia":[{"embeddable":true,"href":"https:\/\/blogdoedvaldomagalhaes.com.br\/index.php\/wp-json\/wp\/v2\/media\/68283"}],"wp:attachment":[{"href":"https:\/\/blogdoedvaldomagalhaes.com.br\/index.php\/wp-json\/wp\/v2\/media?parent=68282"}],"wp:term":[{"taxonomy":"category","embeddable":true,"href":"https:\/\/blogdoedvaldomagalhaes.com.br\/index.php\/wp-json\/wp\/v2\/categories?post=68282"},{"taxonomy":"post_tag","embeddable":true,"href":"https:\/\/blogdoedvaldomagalhaes.com.br\/index.php\/wp-json\/wp\/v2\/tags?post=68282"}],"curies":[{"name":"wp","href":"https:\/\/api.w.org\/{rel}","templated":true}]}}