{"id":68278,"date":"2021-03-26T09:53:56","date_gmt":"2021-03-26T12:53:56","guid":{"rendered":"https:\/\/blogdoedvaldomagalhaes.com.br\/?p=68278"},"modified":"2021-03-26T09:53:57","modified_gmt":"2021-03-26T12:53:57","slug":"motorista-alcoolizado-e-detido-com-carro-roubado-apos-tentar-fugir-por-2-km-na-br-232","status":"publish","type":"post","link":"https:\/\/blogdoedvaldomagalhaes.com.br\/index.php\/2021\/03\/26\/motorista-alcoolizado-e-detido-com-carro-roubado-apos-tentar-fugir-por-2-km-na-br-232\/","title":{"rendered":"Motorista alcoolizado \u00e9 detido com carro roubado ap\u00f3s tentar fugir por 2 Km na BR 232"},"content":{"rendered":"<p style=\"text-align: justify;\"><span style=\"font-size: inherit;\">Um homem que estava em um carro roubado foi detido na noite de quinta-feira (25), pela Pol\u00edcia Rodovi\u00e1ria Federal (PRF), ap\u00f3s tentar fugir por 2 Km pela BR 232, em S\u00e3o Caitano, no Agreste de Pernambuco. O motorista era inabilitado e apresentava sinais de embriaguez.<\/span><\/p>\n<p style=\"text-align: justify;\">Policiais receberam informa\u00e7\u00f5es de que o motorista de um carro estava embriagado e realizaram buscas at\u00e9 localizar o ve\u00edculo no Km 140 da rodovia. Foi dada ordem de parada ao condutor, mas ele desobedeceu e fugiu em alta velocidade.<\/p>\n<p style=\"text-align: justify;\">Durante a tentativa de fuga, o motorista realizou manobras perigosas, transitou pelo acostamento e dirigiu em zigue-zague, at\u00e9 que foi alcan\u00e7ado pelos policiais. Ao realizar o teste do baf\u00f4metro, foi constatado o \u00edndice de 1,59mg\/l, que configura crime de tr\u00e2nsito.<\/p>\n<p style=\"text-align: justify;\">Em consulta, a equipe descobriu que o carro havia sido roubado horas antes em Camaragibe, na Regi\u00e3o Metropolitana do Recife. O motorista informou que entregaria o ve\u00edculo a um homem em Lajedo, tamb\u00e9m no Agreste.<\/p>\n<p style=\"text-align: justify;\">O condutor foi encaminhado junto com o ve\u00edculo \u00e0 Delegacia de Pol\u00edcia Civil de Belo Jardim. Ele poder\u00e1 responder por recepta\u00e7\u00e3o, embriaguez ao volante e por dirigir sem habilita\u00e7\u00e3o.<\/p>\n\n\n<figure class=\"wp-block-image size-large\"><img loading=\"lazy\" decoding=\"async\" width=\"1024\" height=\"768\" src=\"https:\/\/blogdoedvaldomagalhaes.com.br\/wp-content\/uploads\/2021\/03\/IMG-20210326-WA0050-1024x768.jpg\" alt=\"\" class=\"wp-image-68280\" srcset=\"https:\/\/blogdoedvaldomagalhaes.com.br\/wp-content\/uploads\/2021\/03\/IMG-20210326-WA0050-1024x768.jpg 1024w, https:\/\/blogdoedvaldomagalhaes.com.br\/wp-content\/uploads\/2021\/03\/IMG-20210326-WA0050-300x225.jpg 300w, https:\/\/blogdoedvaldomagalhaes.com.br\/wp-content\/uploads\/2021\/03\/IMG-20210326-WA0050-768x576.jpg 768w, https:\/\/blogdoedvaldomagalhaes.com.br\/wp-content\/uploads\/2021\/03\/IMG-20210326-WA0050-160x120.jpg 160w, https:\/\/blogdoedvaldomagalhaes.com.br\/wp-content\/uploads\/2021\/03\/IMG-20210326-WA0050.jpg 1280w\" sizes=\"auto, (max-width: 1024px) 100vw, 1024px\" \/><\/figure>\n","protected":false},"excerpt":{"rendered":"<p>Um homem que estava em um carro roubado foi detido na noite de quinta-feira (25), pela Pol\u00edcia Rodovi\u00e1ria Federal (PRF),&hellip;<\/p>\n","protected":false},"author":1,"featured_media":68279,"comment_status":"open","ping_status":"open","sticky":false,"template":"","format":"standard","meta":{"footnotes":""},"categories":[14121],"tags":[2,19532,21179,6],"class_list":["post-68278","post","type-post","status-publish","format-standard","has-post-thumbnail","hentry","category-policial","tag-blog-do-edvaldo-magalhaes","tag-blog-mais-acessado-e-visualizado-de-caruaru-e-regiao","tag-motorista-alcoolizado-e-detido-com-carro-roubado-apos-tentar-fugir-por-2-km-na-br-232","tag-noticias"],"_links":{"self":[{"href":"https:\/\/blogdoedvaldomagalhaes.com.br\/index.php\/wp-json\/wp\/v2\/posts\/68278","targetHints":{"allow":["GET"]}}],"collection":[{"href":"https:\/\/blogdoedvaldomagalhaes.com.br\/index.php\/wp-json\/wp\/v2\/posts"}],"about":[{"href":"https:\/\/blogdoedvaldomagalhaes.com.br\/index.php\/wp-json\/wp\/v2\/types\/post"}],"author":[{"embeddable":true,"href":"https:\/\/blogdoedvaldomagalhaes.com.br\/index.php\/wp-json\/wp\/v2\/users\/1"}],"replies":[{"embeddable":true,"href":"https:\/\/blogdoedvaldomagalhaes.com.br\/index.php\/wp-json\/wp\/v2\/comments?post=68278"}],"version-history":[{"count":1,"href":"https:\/\/blogdoedvaldomagalhaes.com.br\/index.php\/wp-json\/wp\/v2\/posts\/68278\/revisions"}],"predecessor-version":[{"id":68281,"href":"https:\/\/blogdoedvaldomagalhaes.com.br\/index.php\/wp-json\/wp\/v2\/posts\/68278\/revisions\/68281"}],"wp:featuredmedia":[{"embeddable":true,"href":"https:\/\/blogdoedvaldomagalhaes.com.br\/index.php\/wp-json\/wp\/v2\/media\/68279"}],"wp:attachment":[{"href":"https:\/\/blogdoedvaldomagalhaes.com.br\/index.php\/wp-json\/wp\/v2\/media?parent=68278"}],"wp:term":[{"taxonomy":"category","embeddable":true,"href":"https:\/\/blogdoedvaldomagalhaes.com.br\/index.php\/wp-json\/wp\/v2\/categories?post=68278"},{"taxonomy":"post_tag","embeddable":true,"href":"https:\/\/blogdoedvaldomagalhaes.com.br\/index.php\/wp-json\/wp\/v2\/tags?post=68278"}],"curies":[{"name":"wp","href":"https:\/\/api.w.org\/{rel}","templated":true}]}}