{"id":68273,"date":"2021-03-26T09:37:27","date_gmt":"2021-03-26T12:37:27","guid":{"rendered":"https:\/\/blogdoedvaldomagalhaes.com.br\/?p=68273"},"modified":"2021-03-26T09:40:54","modified_gmt":"2021-03-26T12:40:54","slug":"fagner-solicita-que-prefeitura-de-caruaru-evite-demissoes-enquanto-durar-estado-de-calamidade-publica","status":"publish","type":"post","link":"https:\/\/blogdoedvaldomagalhaes.com.br\/index.php\/2021\/03\/26\/fagner-solicita-que-prefeitura-de-caruaru-evite-demissoes-enquanto-durar-estado-de-calamidade-publica\/","title":{"rendered":"Fagner solicita que Prefeitura de Caruaru evite demiss\u00f5es enquanto durar estado de calamidade p\u00fablica"},"content":{"rendered":"<p style=\"text-align: justify;\"><span style=\"font-size: inherit;\">Por meio de requerimento (n\u00ba1343\/2021), o vereador Fagner Fernandes (PDT) solicitou \u00e0 Prefeitura de Caruaru que n\u00e3o demita funcion\u00e1rios contratados durante o estado de calamidade p\u00fablica estabelecido pelo Decreto Municipal de 26 de mar\u00e7o de 2020, em decorr\u00eancia da Covid-19.<\/span><\/p>\n<p style=\"text-align: justify;\">Segundo o parlamentar, o objetivo de apresentar a proposta \u00e9 para evitar que os servidores p\u00fablicos do munic\u00edpio enfrentem mais dificuldades diante da pandemia. \u201cNa virada do ano de 2020 para 2021 os servidores p\u00fablicos de Caruaru viveram dias de muita afli\u00e7\u00e3o em raz\u00e3o das demiss\u00f5es em massa realizadas pelo Poder Executivo Municipal. Num momento dif\u00edcil como este, a prefeitura n\u00e3o teve a menor sensibilidade para com os seus servidores, que perderam seu sustento em plena pandemia de Covid-19. Com o avan\u00e7o da pandemia e aumento da crise econ\u00f4mica nacional, fazemos aqui um apelo para que o poder executivo n\u00e3o demita nenhum funcion\u00e1rio enquanto durar o estado de calamidade\u201d, explicou Fagner.<\/p>\n<p style=\"text-align: justify;\">A proposta foi aprovada pelo plen\u00e1rio da Casa.<\/p>\n<p style=\"text-align: justify;\">Acesse as Redes Sociais do vereador:<br \/>\nInstagram: @fagnerfernandesoficial<br \/>\nFacebook: Fagner Fernandes<\/p>\n","protected":false},"excerpt":{"rendered":"<p>Por meio de requerimento (n\u00ba1343\/2021), o vereador Fagner Fernandes (PDT) solicitou \u00e0 Prefeitura de Caruaru que n\u00e3o demita funcion\u00e1rios contratados&hellip;<\/p>\n","protected":false},"author":1,"featured_media":68274,"comment_status":"open","ping_status":"open","sticky":false,"template":"","format":"standard","meta":{"footnotes":""},"categories":[14122],"tags":[2,19532,2945,21177,1950],"class_list":["post-68273","post","type-post","status-publish","format-standard","has-post-thumbnail","hentry","category-politica","tag-blog-do-edvaldo-magalhaes","tag-blog-mais-acessado-e-visualizado-de-caruaru-e-regiao","tag-fagner-fernandes","tag-fagner-solicita-que-prefeitura-de-caruaru-evite-demissoes-enquanto-durar-estado-de-calamidade-publica","tag-noticias-de-caruaru"],"_links":{"self":[{"href":"https:\/\/blogdoedvaldomagalhaes.com.br\/index.php\/wp-json\/wp\/v2\/posts\/68273","targetHints":{"allow":["GET"]}}],"collection":[{"href":"https:\/\/blogdoedvaldomagalhaes.com.br\/index.php\/wp-json\/wp\/v2\/posts"}],"about":[{"href":"https:\/\/blogdoedvaldomagalhaes.com.br\/index.php\/wp-json\/wp\/v2\/types\/post"}],"author":[{"embeddable":true,"href":"https:\/\/blogdoedvaldomagalhaes.com.br\/index.php\/wp-json\/wp\/v2\/users\/1"}],"replies":[{"embeddable":true,"href":"https:\/\/blogdoedvaldomagalhaes.com.br\/index.php\/wp-json\/wp\/v2\/comments?post=68273"}],"version-history":[{"count":2,"href":"https:\/\/blogdoedvaldomagalhaes.com.br\/index.php\/wp-json\/wp\/v2\/posts\/68273\/revisions"}],"predecessor-version":[{"id":68277,"href":"https:\/\/blogdoedvaldomagalhaes.com.br\/index.php\/wp-json\/wp\/v2\/posts\/68273\/revisions\/68277"}],"wp:featuredmedia":[{"embeddable":true,"href":"https:\/\/blogdoedvaldomagalhaes.com.br\/index.php\/wp-json\/wp\/v2\/media\/68274"}],"wp:attachment":[{"href":"https:\/\/blogdoedvaldomagalhaes.com.br\/index.php\/wp-json\/wp\/v2\/media?parent=68273"}],"wp:term":[{"taxonomy":"category","embeddable":true,"href":"https:\/\/blogdoedvaldomagalhaes.com.br\/index.php\/wp-json\/wp\/v2\/categories?post=68273"},{"taxonomy":"post_tag","embeddable":true,"href":"https:\/\/blogdoedvaldomagalhaes.com.br\/index.php\/wp-json\/wp\/v2\/tags?post=68273"}],"curies":[{"name":"wp","href":"https:\/\/api.w.org\/{rel}","templated":true}]}}