{"id":68262,"date":"2021-03-25T21:09:23","date_gmt":"2021-03-26T00:09:23","guid":{"rendered":"https:\/\/blogdoedvaldomagalhaes.com.br\/?p=68262"},"modified":"2021-03-25T21:09:25","modified_gmt":"2021-03-26T00:09:25","slug":"vereador-jorge-quintino-requer-a-inclusao-dos-sacerdotes-de-todas-as-religioes-no-grupo-prioritario-de-vacinacao","status":"publish","type":"post","link":"https:\/\/blogdoedvaldomagalhaes.com.br\/index.php\/2021\/03\/25\/vereador-jorge-quintino-requer-a-inclusao-dos-sacerdotes-de-todas-as-religioes-no-grupo-prioritario-de-vacinacao\/","title":{"rendered":"Vereador Jorge Quintino requer a inclus\u00e3o dos sacerdotes de todas as Religi\u00f5es no grupo priorit\u00e1rio de vacina\u00e7\u00e3o"},"content":{"rendered":"<p>*Vereador Jorge Quintino requer a inclus\u00e3o dos sacerdotes de todas as Religi\u00f5es, no grupo priorit\u00e1rio de vacina\u00e7\u00e3o*<\/p>\n<p>O parlamentar de Caruaru, Jorge Quintino, apresentou requerimento solicitando que fossem inclu\u00eddos, no grupo priorit\u00e1rio de vacina\u00e7\u00e3o, sacerdotes religiosos de qualquer natureza.<\/p>\n<p>Com a ado\u00e7\u00e3o da quarentena, diversos munic\u00edpios e estados impediram tanto o atendimento presencial no com\u00e9rcio, quanto reuni\u00f5es e cultos religiosos, devido ao risco de cont\u00e1gio dos fi\u00e9is e a partir deles. \u201cTenho ci\u00eancia da import\u00e2ncia dos sacerdotes e de todas as benfeitorias que por eles, s\u00e3o realizadas \u00e0 sociedade. Solicitei que fossem inclu\u00eddos no grupo priorit\u00e1rio de vacina\u00e7\u00e3o, para que possam proceder com suas atividades em prol dos fi\u00e9is, obviamente ainda em respeito \u00e0s medidas sanit\u00e1rias impostas, com maior seguran\u00e7a e garantia, ap\u00f3s a aplica\u00e7\u00e3o da vacina\u201d, explicou o edil.<\/p>\n<p>No requerimento, o vereador tamb\u00e9m relatou, que al\u00e9m da sa\u00fade f\u00edsica, a sa\u00fade espiritual e mental possuem igual import\u00e2ncia, sobretudo, em momentos t\u00e3o descomunais e complexos como este em que estamos inseridos por resultado \u00e0 pandemia do Covid-19.<\/p>\n<p>A propositura do vereador Jorge Quintino foi aprovada por unanimidade na Casa Legislativa de Caruaru.<\/p>\n","protected":false},"excerpt":{"rendered":"<p>*Vereador Jorge Quintino requer a inclus\u00e3o dos sacerdotes de todas as Religi\u00f5es, no grupo priorit\u00e1rio de vacina\u00e7\u00e3o* O parlamentar de&hellip;<\/p>\n","protected":false},"author":1,"featured_media":68264,"comment_status":"open","ping_status":"open","sticky":false,"template":"","format":"standard","meta":{"footnotes":""},"categories":[14122],"tags":[2,19532,1950,21176],"class_list":["post-68262","post","type-post","status-publish","format-standard","has-post-thumbnail","hentry","category-politica","tag-blog-do-edvaldo-magalhaes","tag-blog-mais-acessado-e-visualizado-de-caruaru-e-regiao","tag-noticias-de-caruaru","tag-vereador-jorge-quintino-requer-a-inclusao-dos-sacerdotes-de-todas-as-religioes-no-grupo-prioritario-de-vacinacao"],"_links":{"self":[{"href":"https:\/\/blogdoedvaldomagalhaes.com.br\/index.php\/wp-json\/wp\/v2\/posts\/68262","targetHints":{"allow":["GET"]}}],"collection":[{"href":"https:\/\/blogdoedvaldomagalhaes.com.br\/index.php\/wp-json\/wp\/v2\/posts"}],"about":[{"href":"https:\/\/blogdoedvaldomagalhaes.com.br\/index.php\/wp-json\/wp\/v2\/types\/post"}],"author":[{"embeddable":true,"href":"https:\/\/blogdoedvaldomagalhaes.com.br\/index.php\/wp-json\/wp\/v2\/users\/1"}],"replies":[{"embeddable":true,"href":"https:\/\/blogdoedvaldomagalhaes.com.br\/index.php\/wp-json\/wp\/v2\/comments?post=68262"}],"version-history":[{"count":1,"href":"https:\/\/blogdoedvaldomagalhaes.com.br\/index.php\/wp-json\/wp\/v2\/posts\/68262\/revisions"}],"predecessor-version":[{"id":68265,"href":"https:\/\/blogdoedvaldomagalhaes.com.br\/index.php\/wp-json\/wp\/v2\/posts\/68262\/revisions\/68265"}],"wp:featuredmedia":[{"embeddable":true,"href":"https:\/\/blogdoedvaldomagalhaes.com.br\/index.php\/wp-json\/wp\/v2\/media\/68264"}],"wp:attachment":[{"href":"https:\/\/blogdoedvaldomagalhaes.com.br\/index.php\/wp-json\/wp\/v2\/media?parent=68262"}],"wp:term":[{"taxonomy":"category","embeddable":true,"href":"https:\/\/blogdoedvaldomagalhaes.com.br\/index.php\/wp-json\/wp\/v2\/categories?post=68262"},{"taxonomy":"post_tag","embeddable":true,"href":"https:\/\/blogdoedvaldomagalhaes.com.br\/index.php\/wp-json\/wp\/v2\/tags?post=68262"}],"curies":[{"name":"wp","href":"https:\/\/api.w.org\/{rel}","templated":true}]}}