{"id":68256,"date":"2021-03-25T20:13:12","date_gmt":"2021-03-25T23:13:12","guid":{"rendered":"https:\/\/blogdoedvaldomagalhaes.com.br\/?p=68256"},"modified":"2021-03-25T21:49:00","modified_gmt":"2021-03-26T00:49:00","slug":"protesto-com-caixao-e-coroa-de-flores-em-frente-a-camara-de-vereadores-de-caruaru","status":"publish","type":"post","link":"https:\/\/blogdoedvaldomagalhaes.com.br\/index.php\/2021\/03\/25\/protesto-com-caixao-e-coroa-de-flores-em-frente-a-camara-de-vereadores-de-caruaru\/","title":{"rendered":"Protesto com caix\u00e3o e coroa de flores em frente a C\u00e2mara de Vereadores de Caruaru"},"content":{"rendered":"<p style=\"text-align: justify;\">Um protesto inusitado ocorreu na tarde desta quinta-feira (25), em frente a C\u00e2mara de Vereadores de Caruaru, na rua 15 de Novembro, no centro da cidade. As pessoas que passaram pelo local, se surpreenderam com um caix\u00e3o com uma coroa de flores, que estava com a frase: \u201ccom\u00e9rcio de Caruaru\u201d, o vel\u00f3rio fazia refer\u00eancia a uma poss\u00edvel morte do com\u00e9rcio diante de quarentena e fechamento das lojas. Participaram<span style=\"font-size: inherit;\">&nbsp;do ato representantes do com\u00e9rcio, feiras e igrejas evang\u00e9licas.<\/span><\/p>\n<p style=\"text-align: justify;\">O protesto aconteceu de forma pac\u00edfica, cobrando a\u00e7\u00e3o dos vereadores junto ao Governo do Estado para flexibilizar as atividades.<\/p>\n<p style=\"text-align: justify;\">O presidente da C\u00e2mara, Bruno Lambreta, informou que os vereadores t\u00eam trabalhado dentro da compet\u00eancia legal, e que entre as a\u00e7\u00f5es, j\u00e1 foi devolvido um valor de 250 mil reais \u00e0 Prefeitura de Caruaru, al\u00e9m da aprova\u00e7\u00e3o de projetos que viam minimizar os impactos da pandemia.<\/p>\n<p style=\"text-align: justify;\">Outros protestos j\u00e1 ocorreram na cidade, sendo um na quarta-feira (17) e outro na quinta-feira (18) ambos na rua 15 de Novembro, o terceiro na manh\u00e3 da sexta-feira (19) em frente a prefeitura, o quarto com uma carreara na tarde do s\u00e1bado (20), o quinto em frente a prefeitura na manh\u00e3 da ter\u00e7a-feira (23), e o sexto em frente a Casa Jornalista Jos\u00e9 Carlos Flor\u00eancio hoje (25).<\/p>\n\n\n<figure class=\"wp-block-image size-large\"><img loading=\"lazy\" decoding=\"async\" width=\"768\" height=\"1024\" src=\"https:\/\/blogdoedvaldomagalhaes.com.br\/wp-content\/uploads\/2021\/03\/IMG-20210325-WA0129-768x1024.jpg\" alt=\"\" class=\"wp-image-68268\" srcset=\"https:\/\/blogdoedvaldomagalhaes.com.br\/wp-content\/uploads\/2021\/03\/IMG-20210325-WA0129-768x1024.jpg 768w, https:\/\/blogdoedvaldomagalhaes.com.br\/wp-content\/uploads\/2021\/03\/IMG-20210325-WA0129-225x300.jpg 225w, https:\/\/blogdoedvaldomagalhaes.com.br\/wp-content\/uploads\/2021\/03\/IMG-20210325-WA0129-1152x1536.jpg 1152w, https:\/\/blogdoedvaldomagalhaes.com.br\/wp-content\/uploads\/2021\/03\/IMG-20210325-WA0129.jpg 1200w\" sizes=\"auto, (max-width: 768px) 100vw, 768px\" \/><\/figure>\n","protected":false},"excerpt":{"rendered":"<p>Um protesto inusitado ocorreu na tarde desta quinta-feira (25), em frente a C\u00e2mara de Vereadores de Caruaru, na rua 15&hellip;<\/p>\n","protected":false},"author":1,"featured_media":68257,"comment_status":"open","ping_status":"open","sticky":false,"template":"","format":"standard","meta":{"footnotes":""},"categories":[14120],"tags":[2,19532,21174],"class_list":["post-68256","post","type-post","status-publish","format-standard","has-post-thumbnail","hentry","category-noticias","tag-blog-do-edvaldo-magalhaes","tag-blog-mais-acessado-e-visualizado-de-caruaru-e-regiao","tag-protesto-com-caixao-e-coroa-de-flores-em-frente-a-camara-de-vereadores-de-caruaru"],"_links":{"self":[{"href":"https:\/\/blogdoedvaldomagalhaes.com.br\/index.php\/wp-json\/wp\/v2\/posts\/68256","targetHints":{"allow":["GET"]}}],"collection":[{"href":"https:\/\/blogdoedvaldomagalhaes.com.br\/index.php\/wp-json\/wp\/v2\/posts"}],"about":[{"href":"https:\/\/blogdoedvaldomagalhaes.com.br\/index.php\/wp-json\/wp\/v2\/types\/post"}],"author":[{"embeddable":true,"href":"https:\/\/blogdoedvaldomagalhaes.com.br\/index.php\/wp-json\/wp\/v2\/users\/1"}],"replies":[{"embeddable":true,"href":"https:\/\/blogdoedvaldomagalhaes.com.br\/index.php\/wp-json\/wp\/v2\/comments?post=68256"}],"version-history":[{"count":4,"href":"https:\/\/blogdoedvaldomagalhaes.com.br\/index.php\/wp-json\/wp\/v2\/posts\/68256\/revisions"}],"predecessor-version":[{"id":68272,"href":"https:\/\/blogdoedvaldomagalhaes.com.br\/index.php\/wp-json\/wp\/v2\/posts\/68256\/revisions\/68272"}],"wp:featuredmedia":[{"embeddable":true,"href":"https:\/\/blogdoedvaldomagalhaes.com.br\/index.php\/wp-json\/wp\/v2\/media\/68257"}],"wp:attachment":[{"href":"https:\/\/blogdoedvaldomagalhaes.com.br\/index.php\/wp-json\/wp\/v2\/media?parent=68256"}],"wp:term":[{"taxonomy":"category","embeddable":true,"href":"https:\/\/blogdoedvaldomagalhaes.com.br\/index.php\/wp-json\/wp\/v2\/categories?post=68256"},{"taxonomy":"post_tag","embeddable":true,"href":"https:\/\/blogdoedvaldomagalhaes.com.br\/index.php\/wp-json\/wp\/v2\/tags?post=68256"}],"curies":[{"name":"wp","href":"https:\/\/api.w.org\/{rel}","templated":true}]}}