{"id":68248,"date":"2021-03-25T18:01:54","date_gmt":"2021-03-25T21:01:54","guid":{"rendered":"https:\/\/blogdoedvaldomagalhaes.com.br\/?p=68248"},"modified":"2021-03-25T18:03:36","modified_gmt":"2021-03-25T21:03:36","slug":"vereadores-anderson-correia-e-cabo-cardoso-anunciam-saida-da-oposicao","status":"publish","type":"post","link":"https:\/\/blogdoedvaldomagalhaes.com.br\/index.php\/2021\/03\/25\/vereadores-anderson-correia-e-cabo-cardoso-anunciam-saida-da-oposicao\/","title":{"rendered":"Vereadores Anderson Correia e Cabo Cardoso anunciam sa\u00edda da oposi\u00e7\u00e3o"},"content":{"rendered":"<p style=\"text-align: justify;\"><span style=\"font-size: inherit;\">Ap\u00f3s reuni\u00e3o realizada durante esta quinta-feira (25), os vereadores Anderson Correia e Cabo Cardoso, ambos do PP, decidiram deixar a oposi\u00e7\u00e3o da C\u00e2mara Municipal de Caruaru. Em respeito aos eleitores caruaruenses, que confiaram seus votos nos parlamentares e os elegeram como representantes do povo na Casa Jornalista Jos\u00e9 Carlos Flor\u00eancio, eles v\u00eam a p\u00fablico fazer este comunicado.<\/span><\/p>\n<p style=\"text-align: justify;\">Essa decis\u00e3o n\u00e3o significa dizer que ambos mudar\u00e3o suas condutas, que s\u00e3o caracter\u00edsticas de seus mandatos, e seguir\u00e3o cobrando ao poder p\u00fablico municipal, quando necess\u00e1rio, sempre defendendo suas respectivas causas e bandeiras. Os edis tamb\u00e9m refor\u00e7am que tal decis\u00e3o n\u00e3o os credenciam como parlamentares da situa\u00e7\u00e3o, mas, sim, independentes.<\/p>\n","protected":false},"excerpt":{"rendered":"<p>Ap\u00f3s reuni\u00e3o realizada durante esta quinta-feira (25), os vereadores Anderson Correia e Cabo Cardoso, ambos do PP, decidiram deixar a&hellip;<\/p>\n","protected":false},"author":1,"featured_media":68250,"comment_status":"open","ping_status":"open","sticky":false,"template":"","format":"standard","meta":{"footnotes":""},"categories":[14122],"tags":[2,19532,20,21172],"class_list":["post-68248","post","type-post","status-publish","format-standard","has-post-thumbnail","hentry","category-politica","tag-blog-do-edvaldo-magalhaes","tag-blog-mais-acessado-e-visualizado-de-caruaru-e-regiao","tag-politica","tag-vereadores-anderson-correia-e-cabo-cardoso-anunciam-saida-da-oposicao"],"_links":{"self":[{"href":"https:\/\/blogdoedvaldomagalhaes.com.br\/index.php\/wp-json\/wp\/v2\/posts\/68248","targetHints":{"allow":["GET"]}}],"collection":[{"href":"https:\/\/blogdoedvaldomagalhaes.com.br\/index.php\/wp-json\/wp\/v2\/posts"}],"about":[{"href":"https:\/\/blogdoedvaldomagalhaes.com.br\/index.php\/wp-json\/wp\/v2\/types\/post"}],"author":[{"embeddable":true,"href":"https:\/\/blogdoedvaldomagalhaes.com.br\/index.php\/wp-json\/wp\/v2\/users\/1"}],"replies":[{"embeddable":true,"href":"https:\/\/blogdoedvaldomagalhaes.com.br\/index.php\/wp-json\/wp\/v2\/comments?post=68248"}],"version-history":[{"count":1,"href":"https:\/\/blogdoedvaldomagalhaes.com.br\/index.php\/wp-json\/wp\/v2\/posts\/68248\/revisions"}],"predecessor-version":[{"id":68249,"href":"https:\/\/blogdoedvaldomagalhaes.com.br\/index.php\/wp-json\/wp\/v2\/posts\/68248\/revisions\/68249"}],"wp:featuredmedia":[{"embeddable":true,"href":"https:\/\/blogdoedvaldomagalhaes.com.br\/index.php\/wp-json\/wp\/v2\/media\/68250"}],"wp:attachment":[{"href":"https:\/\/blogdoedvaldomagalhaes.com.br\/index.php\/wp-json\/wp\/v2\/media?parent=68248"}],"wp:term":[{"taxonomy":"category","embeddable":true,"href":"https:\/\/blogdoedvaldomagalhaes.com.br\/index.php\/wp-json\/wp\/v2\/categories?post=68248"},{"taxonomy":"post_tag","embeddable":true,"href":"https:\/\/blogdoedvaldomagalhaes.com.br\/index.php\/wp-json\/wp\/v2\/tags?post=68248"}],"curies":[{"name":"wp","href":"https:\/\/api.w.org\/{rel}","templated":true}]}}