{"id":68245,"date":"2021-03-25T17:23:04","date_gmt":"2021-03-25T20:23:04","guid":{"rendered":"https:\/\/blogdoedvaldomagalhaes.com.br\/?p=68245"},"modified":"2021-03-25T17:24:29","modified_gmt":"2021-03-25T20:24:29","slug":"governo-de-pernambuco-estende-quarentena-ate-31-de-marco","status":"publish","type":"post","link":"https:\/\/blogdoedvaldomagalhaes.com.br\/index.php\/2021\/03\/25\/governo-de-pernambuco-estende-quarentena-ate-31-de-marco\/","title":{"rendered":"Governo de Pernambuco estende quarentena at\u00e9 31 de mar\u00e7o"},"content":{"rendered":"<p style=\"text-align: justify;\">O governador Paulo C\u00e2mara anunciou, em um pronunciamento nesta quinta-feira (25.03), que o Estado vai estender a quarentena mais r\u00edgida at\u00e9 o pr\u00f3ximo dia 31 de mar\u00e7o. Com isso, Pernambuco completar\u00e1 14 dias seguidos de medidas restritivas em todo o territ\u00f3rio. O governador comunicou ainda que j\u00e1 a partir do dia 1\u00ba ser\u00e1 colocado em pr\u00e1tica um novo plano de conviv\u00eancia com a pandemia da Covid-19, com regras v\u00e1lidas at\u00e9 o dia 25 de abril.<\/p>\n<p style=\"text-align: justify;\">\u201cAs atividades econ\u00f4micas poder\u00e3o reabrir das 10h \u00e0s 20h nos dias de semana, e das 9h \u00e0s 17h aos s\u00e1bados, domingos e feriados. As praias voltar\u00e3o a ter atividades f\u00edsicas individuais permitidas, e a volta \u00e0s aulas estar\u00e1 liberada a partir do pr\u00f3ximo dia 5 de abril, para a rede privada e para o ensino m\u00e9dio da rede estadual\u201d, detalhou Paulo C\u00e2mara sobre as novas medidas, esclarecendo tamb\u00e9m que as celebra\u00e7\u00f5es religiosas poder\u00e3o voltar a acontecer, desde que obedecendo aos protocolos e hor\u00e1rios pr\u00e9-estabelecidos.<\/p>\n<p style=\"text-align: justify;\">Segundo o governador, a flexibiliza\u00e7\u00e3o das restri\u00e7\u00f5es n\u00e3o significa que a pandemia foi superada em Pernambuco. \u201cPelo contr\u00e1rio, temos um caminho longo pela frente at\u00e9 a supera\u00e7\u00e3o total desse flagelo. Todos j\u00e1 sabemos quais s\u00e3o as atitudes que permitem conviver com a doen\u00e7a. Fa\u00e7a a sua parte, use m\u00e1scara e oriente as pessoas que estejam relaxando nos cuidados b\u00e1sicos\u201d, advertiu Paulo C\u00e2mara, acrescentando que considera o atual momento decisivo na luta contra a doen\u00e7a, que j\u00e1 dura mais de um ano.<\/p>\n","protected":false},"excerpt":{"rendered":"<p>O governador Paulo C\u00e2mara anunciou, em um pronunciamento nesta quinta-feira (25.03), que o Estado vai estender a quarentena mais r\u00edgida&hellip;<\/p>\n","protected":false},"author":1,"featured_media":68247,"comment_status":"open","ping_status":"open","sticky":false,"template":"","format":"standard","meta":{"footnotes":""},"categories":[14120],"tags":[2,19532,21171,19670],"class_list":["post-68245","post","type-post","status-publish","format-standard","has-post-thumbnail","hentry","category-noticias","tag-blog-do-edvaldo-magalhaes","tag-blog-mais-acessado-e-visualizado-de-caruaru-e-regiao","tag-governo-de-pernambuco-estende-quarentena-ate-31-de-marco","tag-novo-coronavirus"],"_links":{"self":[{"href":"https:\/\/blogdoedvaldomagalhaes.com.br\/index.php\/wp-json\/wp\/v2\/posts\/68245","targetHints":{"allow":["GET"]}}],"collection":[{"href":"https:\/\/blogdoedvaldomagalhaes.com.br\/index.php\/wp-json\/wp\/v2\/posts"}],"about":[{"href":"https:\/\/blogdoedvaldomagalhaes.com.br\/index.php\/wp-json\/wp\/v2\/types\/post"}],"author":[{"embeddable":true,"href":"https:\/\/blogdoedvaldomagalhaes.com.br\/index.php\/wp-json\/wp\/v2\/users\/1"}],"replies":[{"embeddable":true,"href":"https:\/\/blogdoedvaldomagalhaes.com.br\/index.php\/wp-json\/wp\/v2\/comments?post=68245"}],"version-history":[{"count":1,"href":"https:\/\/blogdoedvaldomagalhaes.com.br\/index.php\/wp-json\/wp\/v2\/posts\/68245\/revisions"}],"predecessor-version":[{"id":68246,"href":"https:\/\/blogdoedvaldomagalhaes.com.br\/index.php\/wp-json\/wp\/v2\/posts\/68245\/revisions\/68246"}],"wp:featuredmedia":[{"embeddable":true,"href":"https:\/\/blogdoedvaldomagalhaes.com.br\/index.php\/wp-json\/wp\/v2\/media\/68247"}],"wp:attachment":[{"href":"https:\/\/blogdoedvaldomagalhaes.com.br\/index.php\/wp-json\/wp\/v2\/media?parent=68245"}],"wp:term":[{"taxonomy":"category","embeddable":true,"href":"https:\/\/blogdoedvaldomagalhaes.com.br\/index.php\/wp-json\/wp\/v2\/categories?post=68245"},{"taxonomy":"post_tag","embeddable":true,"href":"https:\/\/blogdoedvaldomagalhaes.com.br\/index.php\/wp-json\/wp\/v2\/tags?post=68245"}],"curies":[{"name":"wp","href":"https:\/\/api.w.org\/{rel}","templated":true}]}}