{"id":68242,"date":"2021-03-25T17:17:55","date_gmt":"2021-03-25T20:17:55","guid":{"rendered":"https:\/\/blogdoedvaldomagalhaes.com.br\/?p=68242"},"modified":"2021-03-25T17:17:57","modified_gmt":"2021-03-25T20:17:57","slug":"deputado-erick-lessa-solicita-que-quarentena-mais-rigida-nao-seja-prorrogada-em-pernambuco","status":"publish","type":"post","link":"https:\/\/blogdoedvaldomagalhaes.com.br\/index.php\/2021\/03\/25\/deputado-erick-lessa-solicita-que-quarentena-mais-rigida-nao-seja-prorrogada-em-pernambuco\/","title":{"rendered":"Deputado Erick Lessa solicita que quarentena mais r\u00edgida n\u00e3o seja prorrogada em Pernambuco"},"content":{"rendered":"<p style=\"text-align: justify;\"><span style=\"font-size: inherit;\">Presidente da Comiss\u00e3o de Desenvolvimento Econ\u00f4mico e Turismo da Assembleia Legislativa de Pernambuco, o deputado estadual Erick Lessa (Progressistas) solicitou uma reavalia\u00e7\u00e3o das medidas restritivas no estado, para que a quarentena mais r\u00edgida prevista para encerrar no dia 28 n\u00e3o seja prorrogada. O deputado posicionou-se durante a sess\u00e3o plen\u00e1ria ocorrida de forma virtual nesta quinta-feira (25). Durante o discurso, Lessa registrou solidariedade \u00e0s fam\u00edlias das mais de 300 mil v\u00edtimas da covid-19 no Brasil, das quais mais de 11 mil s\u00e3o de Pernambuco.<\/span><\/p>\n<p style=\"text-align: justify;\">Articulado com os mais diversos setores econ\u00f4micos, o deputado Erick Lessa defendeu que as a\u00e7\u00f5es devem ser implementadas de acordo com as especificidades dos segmentos econ\u00f4micos. O parlamentar destacou o Polo de Confec\u00e7\u00f5es do Agreste como refer\u00eancia na implementa\u00e7\u00e3o de medidas sanit\u00e1rias e ressaltou que compradores e vendedores est\u00e3o na expectativa para que o retorno das feiras j\u00e1 ocorra na segunda-feira (29).<\/p>\n<p style=\"text-align: justify;\">Recentemente, Lessa se reuniu com representantes de v\u00e1rias atividades comerciais. &#8220;Setores como os fabricantes e revendedores de chocolate solicitam que as atividades sejam retomadas durante o per\u00edodo de P\u00e1scoa, que representa 40% do faturamento anual do setor, para evitar que lojas fechem as portas e gerem mais desemprego\u201d, mencionou.<\/p>\n<p style=\"text-align: justify;\">O deputado destacou que, enquanto a vacina\u00e7\u00e3o n\u00e3o ocorre de forma efetiva, \u00e9 necess\u00e1rio intensificar as medidas preventivas e assegurar a retomada segura das atividades econ\u00f4micas. Ainda durante o discurso, Lessa criticou a politiza\u00e7\u00e3o do debate e conclamou equil\u00edbrio dos poderes p\u00fablicos. \u201cO momento exige uni\u00e3o, para que possamos trilhar uma mesma caminhada rumo a um futuro melhor para todos\u201d, afirmou.<\/p>\n<p style=\"text-align: justify;\">Foto: Viliane Gomes<\/p>\n","protected":false},"excerpt":{"rendered":"<p>Presidente da Comiss\u00e3o de Desenvolvimento Econ\u00f4mico e Turismo da Assembleia Legislativa de Pernambuco, o deputado estadual Erick Lessa (Progressistas) solicitou&hellip;<\/p>\n","protected":false},"author":1,"featured_media":68243,"comment_status":"open","ping_status":"open","sticky":false,"template":"","format":"standard","meta":{"footnotes":""},"categories":[14122],"tags":[2,19532,21170,19670],"class_list":["post-68242","post","type-post","status-publish","format-standard","has-post-thumbnail","hentry","category-politica","tag-blog-do-edvaldo-magalhaes","tag-blog-mais-acessado-e-visualizado-de-caruaru-e-regiao","tag-deputado-erick-lessa-solicita-que-quarentena-mais-rigida-nao-seja-prorrogada-em-pernambuco","tag-novo-coronavirus"],"_links":{"self":[{"href":"https:\/\/blogdoedvaldomagalhaes.com.br\/index.php\/wp-json\/wp\/v2\/posts\/68242","targetHints":{"allow":["GET"]}}],"collection":[{"href":"https:\/\/blogdoedvaldomagalhaes.com.br\/index.php\/wp-json\/wp\/v2\/posts"}],"about":[{"href":"https:\/\/blogdoedvaldomagalhaes.com.br\/index.php\/wp-json\/wp\/v2\/types\/post"}],"author":[{"embeddable":true,"href":"https:\/\/blogdoedvaldomagalhaes.com.br\/index.php\/wp-json\/wp\/v2\/users\/1"}],"replies":[{"embeddable":true,"href":"https:\/\/blogdoedvaldomagalhaes.com.br\/index.php\/wp-json\/wp\/v2\/comments?post=68242"}],"version-history":[{"count":1,"href":"https:\/\/blogdoedvaldomagalhaes.com.br\/index.php\/wp-json\/wp\/v2\/posts\/68242\/revisions"}],"predecessor-version":[{"id":68244,"href":"https:\/\/blogdoedvaldomagalhaes.com.br\/index.php\/wp-json\/wp\/v2\/posts\/68242\/revisions\/68244"}],"wp:featuredmedia":[{"embeddable":true,"href":"https:\/\/blogdoedvaldomagalhaes.com.br\/index.php\/wp-json\/wp\/v2\/media\/68243"}],"wp:attachment":[{"href":"https:\/\/blogdoedvaldomagalhaes.com.br\/index.php\/wp-json\/wp\/v2\/media?parent=68242"}],"wp:term":[{"taxonomy":"category","embeddable":true,"href":"https:\/\/blogdoedvaldomagalhaes.com.br\/index.php\/wp-json\/wp\/v2\/categories?post=68242"},{"taxonomy":"post_tag","embeddable":true,"href":"https:\/\/blogdoedvaldomagalhaes.com.br\/index.php\/wp-json\/wp\/v2\/tags?post=68242"}],"curies":[{"name":"wp","href":"https:\/\/api.w.org\/{rel}","templated":true}]}}