{"id":68236,"date":"2021-03-25T15:39:42","date_gmt":"2021-03-25T18:39:42","guid":{"rendered":"https:\/\/blogdoedvaldomagalhaes.com.br\/?p=68236"},"modified":"2021-03-25T15:39:44","modified_gmt":"2021-03-25T18:39:44","slug":"secretaria-de-saude-de-belo-jardim-registra-aumento-de-200-nos-casos-de-covid-19","status":"publish","type":"post","link":"https:\/\/blogdoedvaldomagalhaes.com.br\/index.php\/2021\/03\/25\/secretaria-de-saude-de-belo-jardim-registra-aumento-de-200-nos-casos-de-covid-19\/","title":{"rendered":"Secretaria de Sa\u00fade de Belo Jardim registra aumento de 200% nos casos de Covid-19"},"content":{"rendered":"<p style=\"text-align: justify;\"><span style=\"font-size: inherit;\">A Secretaria de Sa\u00fade de Belo Jardim recebeu uma an\u00e1lise da IV Ger\u00eancia Regional de Sa\u00fade (Geres) sobre a situa\u00e7\u00e3o da Covid-19 no munic\u00edpio. De acordo com o \u00f3rg\u00e3o estadual, a cidade segue a tend\u00eancia nacional, com pessoas cada vez mais jovens sendo mais afetadas nas \u00faltimas semanas.<\/span><\/p>\n<p style=\"text-align: justify;\">Belo Jardim tamb\u00e9m apresenta n\u00famero de casos confirmados SRAG (S\u00edndrome Respirat\u00f3ria Aguda Grave) acima da m\u00e9dia hist\u00f3rica nas \u00faltimas cinco semanas conforme mostra a linha m\u00e9dia do gr\u00e1fico (em anexo) sendo ultrapassada duas vezes desde a semana tr\u00eas, em janeiro de 2021. Os casos de SRAG est\u00e3o concentrados, principalmente, na faixa et\u00e1ria dos 30 aos 59 anos.<\/p>\n<p style=\"text-align: justify;\">A an\u00e1lise da IV Geres mostra ainda que dos 80 anos ou mais n\u00e3o apresenta casos confirmados de SRAG h\u00e1 quatro semanas, o que j\u00e1 pode ser o reflexo da imuniza\u00e7\u00e3o contra \u00e0 Covid-19 que come\u00e7ou no final de janeiro.<\/p>\n<p style=\"text-align: justify;\">O estudo ainda mostra que o n\u00famero de \u00f3bitos de Belo Jardim apresenta uma certa estabilidade o que pode mudar devido ao aumento no n\u00famero de casos graves registrado e dos que ainda est\u00e3o em an\u00e1lise.<\/p>\n<p style=\"text-align: justify;\">At\u00e9 esta quarta-feira (25), Belo Jardim possu\u00eda 2.288 casos confirmados e 66 \u00f3bitos confirmados. Al\u00e9m disso, 4.125 doses foram aplicadas nas pessoas do grupo priorit\u00e1rio da vacina\u00e7\u00e3o contra a Covid-19.<\/p>\n<p style=\"text-align: justify;\">\u201cOs dados assustam, pois representam um aumento de 200% de casos em nosso munic\u00edpio. Estamos fazendo a nossa parte, como gest\u00e3o e como profissionais de sa\u00fade, mas nada disso adiantar\u00e1 se a popula\u00e7\u00e3o tamb\u00e9m n\u00e3o fizer a parte dela. A Covid \u00e9 uma doen\u00e7a que evolui muito r\u00e1pido e de forma surpreendente. Ningu\u00e9m pode precisar como ela vai reagir no organismo. Ent\u00e3o, a melhor escolha sempre ser\u00e1 n\u00e3o entrar para as estat\u00edsticas\u201d, desabafou a secret\u00e1ria de Sa\u00fade de Belo Jardim, Aline Cordeiro.<\/p>\n<p style=\"text-align: justify;\">Para melhorar este quadro \u00e9 necess\u00e1rio um percentual de distanciamento de, no m\u00ednimo, 60%. E Belo Jardim est\u00e1 com distanciamento de, aproximadamente, 49%. As recomenda\u00e7\u00f5es permanecem para a popula\u00e7\u00e3o: usar m\u00e1scara, mesmo que j\u00e1 tenha sido vacinado; evitar aglomera\u00e7\u00f5es; evitar reuni\u00f5es em casa, inclusive com os familiares que n\u00e3o moram no mesmo domic\u00edlio; s\u00f3 sair de casa em extrema necessidade; higienizar as m\u00e3os e os cal\u00e7ados, principalmente quando chegar em casa e trocar as roupas, antes de ter contatos com a fam\u00edlia, principalmente idosos e crian\u00e7as.<\/p>\n<p style=\"text-align: justify;\">\u201cBatemos sempre na mesma tecla: a pandemia n\u00e3o acabou. \u00c9 preciso se cuidar e cuidar das pessoas que voc\u00ea ama. Inclusive, quem j\u00e1 teve Covid tamb\u00e9m deve se prevenir, pois pode se reinfectar, inclusive, com muito mais frequ\u00eancia atualmente\u201d, finalizou a secret\u00e1ria de Sa\u00fade.<\/p>\n<p style=\"text-align: justify;\">Foto: Fernando M\u00e1rcio\/Divulga\u00e7\u00e3o.<\/p>\n","protected":false},"excerpt":{"rendered":"<p>A Secretaria de Sa\u00fade de Belo Jardim recebeu uma an\u00e1lise da IV Ger\u00eancia Regional de Sa\u00fade (Geres) sobre a situa\u00e7\u00e3o&hellip;<\/p>\n","protected":false},"author":1,"featured_media":68237,"comment_status":"open","ping_status":"open","sticky":false,"template":"","format":"standard","meta":{"footnotes":""},"categories":[14120],"tags":[2,19532,19670,21168],"class_list":["post-68236","post","type-post","status-publish","format-standard","has-post-thumbnail","hentry","category-noticias","tag-blog-do-edvaldo-magalhaes","tag-blog-mais-acessado-e-visualizado-de-caruaru-e-regiao","tag-novo-coronavirus","tag-secretaria-de-saude-de-belo-jardim-registra-aumento-de-200-nos-casos-de-covid-19"],"_links":{"self":[{"href":"https:\/\/blogdoedvaldomagalhaes.com.br\/index.php\/wp-json\/wp\/v2\/posts\/68236","targetHints":{"allow":["GET"]}}],"collection":[{"href":"https:\/\/blogdoedvaldomagalhaes.com.br\/index.php\/wp-json\/wp\/v2\/posts"}],"about":[{"href":"https:\/\/blogdoedvaldomagalhaes.com.br\/index.php\/wp-json\/wp\/v2\/types\/post"}],"author":[{"embeddable":true,"href":"https:\/\/blogdoedvaldomagalhaes.com.br\/index.php\/wp-json\/wp\/v2\/users\/1"}],"replies":[{"embeddable":true,"href":"https:\/\/blogdoedvaldomagalhaes.com.br\/index.php\/wp-json\/wp\/v2\/comments?post=68236"}],"version-history":[{"count":1,"href":"https:\/\/blogdoedvaldomagalhaes.com.br\/index.php\/wp-json\/wp\/v2\/posts\/68236\/revisions"}],"predecessor-version":[{"id":68238,"href":"https:\/\/blogdoedvaldomagalhaes.com.br\/index.php\/wp-json\/wp\/v2\/posts\/68236\/revisions\/68238"}],"wp:featuredmedia":[{"embeddable":true,"href":"https:\/\/blogdoedvaldomagalhaes.com.br\/index.php\/wp-json\/wp\/v2\/media\/68237"}],"wp:attachment":[{"href":"https:\/\/blogdoedvaldomagalhaes.com.br\/index.php\/wp-json\/wp\/v2\/media?parent=68236"}],"wp:term":[{"taxonomy":"category","embeddable":true,"href":"https:\/\/blogdoedvaldomagalhaes.com.br\/index.php\/wp-json\/wp\/v2\/categories?post=68236"},{"taxonomy":"post_tag","embeddable":true,"href":"https:\/\/blogdoedvaldomagalhaes.com.br\/index.php\/wp-json\/wp\/v2\/tags?post=68236"}],"curies":[{"name":"wp","href":"https:\/\/api.w.org\/{rel}","templated":true}]}}