{"id":68233,"date":"2021-03-25T13:58:24","date_gmt":"2021-03-25T16:58:24","guid":{"rendered":"https:\/\/blogdoedvaldomagalhaes.com.br\/?p=68233"},"modified":"2021-03-25T13:58:26","modified_gmt":"2021-03-25T16:58:26","slug":"fagner-solicita-inclusao-de-cuidadores-de-idosos-em-grupo-prioritario-de-vacinacao-contra-covid-19","status":"publish","type":"post","link":"https:\/\/blogdoedvaldomagalhaes.com.br\/index.php\/2021\/03\/25\/fagner-solicita-inclusao-de-cuidadores-de-idosos-em-grupo-prioritario-de-vacinacao-contra-covid-19\/","title":{"rendered":"Fagner solicita inclus\u00e3o de cuidadores de idosos em grupo priorit\u00e1rio de vacina\u00e7\u00e3o contra Covid-19"},"content":{"rendered":"<p style=\"text-align: justify;\"><span style=\"font-size: inherit;\">Durante discurso na tribuna, na Sess\u00e3o Plen\u00e1ria Virtual da C\u00e2mara, o vereador Fagner Fernandes (PDT), solicitou \u00e0 secretaria de Sa\u00fade de Caruaru, por meio de requerimento n\u00ba1300\/2021, que seja viabilizada a inclus\u00e3o de cuidadores de idosos no grupo priorit\u00e1rio para vacina\u00e7\u00e3o contra a Covid-19.<\/span><\/p>\n<p style=\"text-align: justify;\">\u201cTanto os que exercem a profiss\u00e3o de cuidadores de idosos, como os parentes que se dedicam a cuidar da pessoa idosa na fam\u00edlia, devem ser inclu\u00eddos no grupo priorit\u00e1rio para receberem a vacina. Acreditamos que esta \u00e9 a \u00fanica forma de resguardar completamente os idosos no munic\u00edpio\u201d, ressaltou o parlamentar.<\/p>\n<p style=\"text-align: justify;\">O requerimento segue para aprova\u00e7\u00e3o do Poder Executivo Municipal.<\/p>\n<p style=\"text-align: justify;\">Acesse as Redes Sociais do vereador:<br \/>\nInstagram: @fagnerfernandesoficial<br \/>\nFacebook: Fagner Fernandes<\/p>\n","protected":false},"excerpt":{"rendered":"<p>Durante discurso na tribuna, na Sess\u00e3o Plen\u00e1ria Virtual da C\u00e2mara, o vereador Fagner Fernandes (PDT), solicitou \u00e0 secretaria de Sa\u00fade&hellip;<\/p>\n","protected":false},"author":1,"featured_media":68234,"comment_status":"open","ping_status":"open","sticky":false,"template":"","format":"standard","meta":{"footnotes":""},"categories":[14122],"tags":[2,19532,21167,19670],"class_list":["post-68233","post","type-post","status-publish","format-standard","has-post-thumbnail","hentry","category-politica","tag-blog-do-edvaldo-magalhaes","tag-blog-mais-acessado-e-visualizado-de-caruaru-e-regiao","tag-fagner-solicita-inclusao-de-cuidadores-de-idosos-em-grupo-prioritario-de-vacinacao-contra-covid-19","tag-novo-coronavirus"],"_links":{"self":[{"href":"https:\/\/blogdoedvaldomagalhaes.com.br\/index.php\/wp-json\/wp\/v2\/posts\/68233","targetHints":{"allow":["GET"]}}],"collection":[{"href":"https:\/\/blogdoedvaldomagalhaes.com.br\/index.php\/wp-json\/wp\/v2\/posts"}],"about":[{"href":"https:\/\/blogdoedvaldomagalhaes.com.br\/index.php\/wp-json\/wp\/v2\/types\/post"}],"author":[{"embeddable":true,"href":"https:\/\/blogdoedvaldomagalhaes.com.br\/index.php\/wp-json\/wp\/v2\/users\/1"}],"replies":[{"embeddable":true,"href":"https:\/\/blogdoedvaldomagalhaes.com.br\/index.php\/wp-json\/wp\/v2\/comments?post=68233"}],"version-history":[{"count":1,"href":"https:\/\/blogdoedvaldomagalhaes.com.br\/index.php\/wp-json\/wp\/v2\/posts\/68233\/revisions"}],"predecessor-version":[{"id":68235,"href":"https:\/\/blogdoedvaldomagalhaes.com.br\/index.php\/wp-json\/wp\/v2\/posts\/68233\/revisions\/68235"}],"wp:featuredmedia":[{"embeddable":true,"href":"https:\/\/blogdoedvaldomagalhaes.com.br\/index.php\/wp-json\/wp\/v2\/media\/68234"}],"wp:attachment":[{"href":"https:\/\/blogdoedvaldomagalhaes.com.br\/index.php\/wp-json\/wp\/v2\/media?parent=68233"}],"wp:term":[{"taxonomy":"category","embeddable":true,"href":"https:\/\/blogdoedvaldomagalhaes.com.br\/index.php\/wp-json\/wp\/v2\/categories?post=68233"},{"taxonomy":"post_tag","embeddable":true,"href":"https:\/\/blogdoedvaldomagalhaes.com.br\/index.php\/wp-json\/wp\/v2\/tags?post=68233"}],"curies":[{"name":"wp","href":"https:\/\/api.w.org\/{rel}","templated":true}]}}