{"id":68230,"date":"2021-03-25T13:50:06","date_gmt":"2021-03-25T16:50:06","guid":{"rendered":"https:\/\/blogdoedvaldomagalhaes.com.br\/?p=68230"},"modified":"2021-03-25T20:45:10","modified_gmt":"2021-03-25T23:45:10","slug":"secretaria-de-saude-pe-divulga-novo-aumento-nos-casos-de-covid-19-no-estado","status":"publish","type":"post","link":"https:\/\/blogdoedvaldomagalhaes.com.br\/index.php\/2021\/03\/25\/secretaria-de-saude-pe-divulga-novo-aumento-nos-casos-de-covid-19-no-estado\/","title":{"rendered":"Secretaria de Sa\u00fade-PE divulga novo aumento nos casos de covid-19 no Estado"},"content":{"rendered":"<p style=\"text-align: justify;\"><span style=\"font-size: inherit;\">A Secretaria Estadual de Sa\u00fade (SES-PE) registrou, nesta quinta-feira (25\/03), 2.786 casos da Covid-19. Entre os confirmados hoje, 187 (7%) s\u00e3o casos de S\u00edndrome Respirat\u00f3ria Aguda Grave (SRAG) e 2.599 (93%) s\u00e3o leves. Agora, Pernambuco totaliza 339.022 casos confirmados da doen\u00e7a, sendo 35.156 graves e 303.866 leves, que est\u00e3o distribu\u00eddos por todos os 184 munic\u00edpios pernambucanos, al\u00e9m do arquip\u00e9lago de Fernando de Noronha.<\/span><\/p>\n<p style=\"text-align: justify;\"><a href=\"_wp_link_placeholder\" data-wplink-edit=\"true\"><span lang=\"PT\">Al\u00e9m disso, o boletim registra um total de 288.419 pacientes recuperados da doen\u00e7a. Destes, 20.617 eram pacientes graves, que necessitaram de internamento hospitalar, e 267.802 eram casos leves.<\/span><\/a><\/p>\n<p style=\"text-align: justify;\"><span lang=\"PT\"><a href=\"_wp_link_placeholder\">Tamb\u00e9m foram<\/a> confirmados laboratorialmente 46 novos \u00f3bitos (22 masculinos e 24 femininos),\u00a0ocorridos entre os dias 30\/04\/2020 e 24\/03\/2021. As novas mortes\u00a0s\u00e3o\u00a0de pessoas residentes dos munic\u00edpios de Afogados da Ingazeira (1), Araripina (1), Belo Jardim (1), Camutanga (1), Caruaru (1), Condado (1), Garanhuns (1), Ibimirim (1), Igarassu (2), Ipubi (1), Itapissuma (1), Olinda (8),\u00a0Palmares (2),\u00a0Pesqueira (1),\u00a0Petrolina (8),\u00a0Recife (10),\u00a0Salgueiro (1),\u00a0Santa Cruz do Capibaribe (1), S\u00e3o Bento do Una (1), S\u00e3o Jo\u00e3o (1) e Serra Talhada (1). Com isso, o Estado totaliza 11.853 mortes pela doen\u00e7a.<\/span><\/p>\n<p style=\"text-align: justify;\"><span lang=\"PT\">Os pacientes tinham idades entre 36 e 96 anos. As faixas et\u00e1rias s\u00e3o: 30 a 39 (1), 40 a 49 (4), 50 a 59 (10), 60 a<\/span><span lang=\"PT\">\u00a069 (9), 70 a 79 (11) e 80 ou mais (11).\u00a0Do total, 33 tinham doen\u00e7as pr\u00e9-existentes:\u00a0diabetes (18), doen\u00e7a cardiovascular (15),\u00a0hipertens\u00e3o (11),\u00a0obesidade (6),\u00a0c\u00e2ncer (2),\u00a0doen\u00e7a respirat\u00f3ria (2), tabagismo\/hist\u00f3rico de tabagismo (1), doen\u00e7a renal (1) e\u00a0hist\u00f3rico de AVC (1)\u00a0&#8211; um paciente pode ter mais de uma comorbidade.\u00a0Os demais seguem em investiga\u00e7\u00e3o.<\/span><\/p>\n<p style=\"text-align: justify;\"><span lang=\"PT\">Com rela\u00e7\u00e3o \u00e0 testagem dos profissionais de sa\u00fade com sintomas de gripe, em Pernambuco, at\u00e9 agora, 27.511 casos foram confirmados e 46.822 descartados.\u00a0As testagens entre os trabalhadores do setor abrangem os profissionais de todas as unidades de sa\u00fade, sejam da rede p\u00fablica (estadual e municipal) ou privada. O Governo de Pernambuco foi o primeiro do pa\u00eds a criar um protocolo para testar e afastar os profissionais da \u00e1rea da sa\u00fade com sintomas gripais.<\/span><\/p>\n<p style=\"text-align: justify;\"><b><span lang=\"PT\">QUARENTENA<\/span><\/b><span lang=\"PT\">\u00a0&#8211; O governador Paulo C\u00e2mara anunciou, em um pronunciamento nesta quinta-feira (25.03), que o Estado vai estender a quarentena mais r\u00edgida at\u00e9 o pr\u00f3ximo dia 31 de mar\u00e7o. Com isso, Pernambuco completar\u00e1 14 dias seguidos de medidas restritivas em todo o territ\u00f3rio. O governador comunicou ainda que j\u00e1 a partir do dia 1\u00ba ser\u00e1 colocado em pr\u00e1tica um novo plano de conviv\u00eancia com a pandemia da Covid-19, com regras v\u00e1lidas at\u00e9 o dia 25 de abril.<\/span><\/p>\n<p style=\"text-align: justify;\"><span lang=\"PT\">\u201cAs atividades econ\u00f4micas poder\u00e3o reabrir das 10h \u00e0s 20h nos dias de semana, e das 9h \u00e0s 17h aos s\u00e1bados, domingos e feriados. As praias voltar\u00e3o a ter atividades f\u00edsicas individuais permitidas, e a volta \u00e0s aulas estar\u00e1 liberada a partir do pr\u00f3ximo dia 5 de abril, para a rede privada e para o ensino m\u00e9dio da rede estadual\u201d, detalhou Paulo C\u00e2mara sobre as novas medidas, esclarecendo tamb\u00e9m que as celebra\u00e7\u00f5es religiosas poder\u00e3o voltar a acontecer, desde que obedecendo aos protocolos e hor\u00e1rios pr\u00e9-estabelecidos.<\/span><\/p>\n<p style=\"text-align: justify;\"><span lang=\"PT\">Segundo o governador, a flexibiliza\u00e7\u00e3o das restri\u00e7\u00f5es n\u00e3o significa que a pandemia foi superada em Pernambuco.\u00a0<\/span>\u201cPelo contr\u00e1rio, temos um caminho longo pela frente at\u00e9 a supera\u00e7\u00e3o total desse flagelo. Todos j\u00e1 sabemos quais s\u00e3o as atitudes que permitem conviver com a doen\u00e7a. Fa\u00e7a a sua parte, use m\u00e1scara e oriente as pessoas que estejam relaxando nos cuidados b\u00e1sicos\u201d, advertiu Paulo C\u00e2mara, acrescentando que considera o atual momento decisivo na luta contra a doen\u00e7a, que j\u00e1 dura mais de um ano.<\/p>\n<p style=\"text-align: justify;\"><b><span lang=\"PT\">DADOS EPIDEMIOL\u00d3GICOS &#8211;\u00a0<\/span><\/b><span lang=\"PT\">A rede p\u00fablica de sa\u00fade de Pernambuco tem observado uma mudan\u00e7a no perfil de interna\u00e7\u00f5es nos leitos de terapia intensiva. De acordo com os dados apresentados pelo secret\u00e1rio Andr\u00e9 Longo durante coletiva de imprensa online realizada pelo Governo de Pernambuco, o Estado registrou aumento de 97% nas interna\u00e7\u00f5es em leitos de UTI dedicados \u00e0 doen\u00e7a na rede p\u00fablica entre a primeira semana epidemiol\u00f3gica (SE) do ano (03 a 09\/01) e a semana passada (SE 11). A partir da an\u00e1lise dos dados, notou-se que h\u00e1 uma mudan\u00e7a no perfil de interna\u00e7\u00f5es nos leitos de terapia intensiva.<\/span><\/p>\n<p style=\"text-align: justify;\"><span lang=\"PT\">Na an\u00e1lise dos dados, apenas a faixa et\u00e1ria acima dos 85 anos n\u00e3o registrou crescimento no n\u00famero de interna\u00e7\u00f5es. \u201cNos indicadores entre os idosos com mais de 85 anos, n\u00f3s j\u00e1 sentimos o efeito positivo da imuniza\u00e7\u00e3o, j\u00e1 que Pernambuco antecipou de forma pioneira e acertada o processo de imuniza\u00e7\u00e3o deste p\u00fablico\u201d, destacou Longo. Nesta faixa et\u00e1ria, entre janeiro e mar\u00e7o deste ano, foi registrada uma redu\u00e7\u00e3o de 22% nas interna\u00e7\u00f5es em leitos de UTI \u2013 foram 50 pacientes internados entre 03 e 09 de janeiro e 39 na semana passada.<\/span><\/p>\n<p style=\"text-align: justify;\"><span lang=\"PT\">\u201cEm todas as outras faixas et\u00e1rias, estamos observando um aumento nas interna\u00e7\u00f5es em UTIs. Como n\u00e3o temos nenhum medicamento que trate a Covid-19, a mortalidade dos pacientes internados com suporte intensivo\u00a0 \u00e9 muito elevada. Isso refor\u00e7a que s\u00f3 \u00e9 poss\u00edvel interromper a acelera\u00e7\u00e3o da doen\u00e7a com a redu\u00e7\u00e3o na circula\u00e7\u00e3o de pessoas e, principalmente, com o refor\u00e7o no cuidado. A sua decis\u00e3o de ficar em casa, ou, se for inevit\u00e1vel sair, usar a m\u00e1scara, vai fazer a diferen\u00e7a para diminuir os n\u00edveis de contamina\u00e7\u00e3o, para reduzir as taxas de ocupa\u00e7\u00e3o de leitos e ser\u00e1 muito importante para salvar vidas\u201d, ressaltou Longo.<\/span><\/p>\n<p style=\"text-align: justify;\"><span lang=\"PT\">Segundo o m\u00e9dico infectologista Dr. Demetrius Montenegro, os dados preocupam pelo aumento no n\u00famero de casos em pessoas jovens. &#8220;Um ano ap\u00f3s o in\u00edcio dessa luta, iniciada em mar\u00e7o de 2020, percebemos que estamos vivendo novamente uma grande onda com o acr\u00e9scimo no n\u00famero de casos em pessoas mais jovens, que est\u00e3o se expondo muito. Com isso, a consequ\u00eancia \u00e9 o que est\u00e1 acontecendo nas emerg\u00eancias e UTIs, com a possibilidade de piorar. Sem contar que n\u00f3s todos, profissionais da \u00e1rea da sa\u00fade, estamos muito cansados. Se voc\u00ea est\u00e1 cansado de ficar em casa, a gente est\u00e1 cansado de ver gente morrendo, \u00e9 muito doloroso, \u00e9 um sofrimento emocional grande. Essa epidemia existe, n\u00e3o fiquem cegos para esta doen\u00e7a\u201d, afirmou Montenegro.\u00a0<\/span><\/p>\n<p style=\"text-align: justify;\"><span lang=\"PT\">Os maiores aumentos no n\u00famero de interna\u00e7\u00f5es foram nos grupos entre 20 e 39; 40 a 59 e 60 a 69 anos \u2013 que apresentaram percentuais de aumento de 145%, 195% e 120%, respectivamente. Nos grupos et\u00e1rios de 20 a 59 anos, o n\u00famero de internamentos praticamente dobrou apenas nas \u00faltimas tr\u00eas semanas. Entre os adultos jovens (20 a 39 anos), foram registrados 50 casos na semana de 28\/02 a 06\/03 e 93 na SE 11 \u2013 aumento de 86%. J\u00e1 entre os adultos com idades entre 40 e 59 anos, o aumento no per\u00edodo foi de 80%, com 169 registros na SE 9 e 304 na semana passada.\u00a0<\/span><\/p>\n<p style=\"text-align: justify;\"><span lang=\"PT\">\u201cDecis\u00f5es de prote\u00e7\u00e3o \u00e9 que v\u00e3o fazer a diferen\u00e7a nas taxas de ocupa\u00e7\u00e3o hospitalar e podem fazer a diferen\u00e7a para salvar vidas. O v\u00edrus mata. E, se voc\u00ea negar este perigo e descumprir as normas da quarentena, a voc\u00ea poder\u00e1 ser negado, mais a frente, uma vaga de UTI. Essa nega\u00e7\u00e3o da realidade e da gravidade tamb\u00e9m poder\u00e1 causar a morte de um familiar, de um amigo, ou de algu\u00e9m que voc\u00ea ama. O \u00fanico compromisso inadi\u00e1vel e urgente \u00e9 com a vida\u201d, disse o secret\u00e1rio.<\/span><\/p>\n<p style=\"text-align: justify;\" align=\"center\">\n<p style=\"text-align: justify;\"><b><span lang=\"PT\">RESPIRADORES<\/span><\/b><span lang=\"PT\">\u00a0&#8211; Durante a coletiva online, o secret\u00e1rio de sa\u00fade tamb\u00e9m informou que Pernambuco recebeu, na manh\u00e3 desta quinta-feira, 75 novos respiradores que v\u00e3o possibilitar a abertura de leitos de UTI dedicados aos pacientes suspeitos e confirmados da Covid-19 nos pr\u00f3ximos dias. A Secretaria de Sa\u00fade j\u00e1 tinha adquirido, neste m\u00eas de mar\u00e7o, outros 154 respiradores, totalizando 233 ventiladores pulmonares adquiridos neste ano. O Governo de Pernambuco ainda vai receber outros 200 equipamentos do tipo, com previs\u00e3o de entrega at\u00e9 o in\u00edcio de abril, em uma nova compra realizada nesta semana em um investimento de R$ 9,4 milh\u00f5es. Al\u00e9m dos respiradores, a rede de sa\u00fade tamb\u00e9m foi refor\u00e7ada nas \u00faltimas semanas com a aquisi\u00e7\u00e3o e recebimento de 150 monitores multiparam\u00e9tricos, que fazem o acompanhamento dos sinais vitais dos pacientes, e 113 camas hospitalares.<\/span><\/p>\n<p style=\"text-align: justify;\"><span lang=\"PT\">Com estes investimentos, a rede p\u00fablica de sa\u00fade j\u00e1 conta com o maior volume de leitos dedicados \u00e0 Covid-19 desde o in\u00edcio da Pandemia. Nesta quinta-feira, a Central de Regula\u00e7\u00e3o Hospitalar totaliza 2.621 leitos para a assist\u00eancia aos pacientes com doen\u00e7a, sendo 1.452 de UTI e 1.169, entre vagas em unidades do Governo do Estado, de prefeituras, governo federal (Hospital das Cl\u00ednicas\/UFPE), al\u00e9m de hospitais filantr\u00f3picos e privados, conveniados ao SUS.\u00a0 Em 2020, o m\u00e1ximo de leitos dispon\u00edveis foi registrado em 20 de junho, quando havia 2.541 vagas, sendo 972 de UTI.<\/span><\/p>\n<p style=\"text-align: justify;\"><span lang=\"PT\">Nas \u00faltimas horas, novos leitos foram colocados em opera\u00e7\u00e3o nos hospitais da Mulher do Recife (5) e de C\u00e2ncer de Pernambuco (5). Desde o in\u00edcio de mar\u00e7o, o Estado totaliza 435 novas vagas de terapia intensiva.<\/span><\/p>\n<p style=\"text-align: justify;\"><b><span lang=\"PT\">MAIS VACINAS<\/span><\/b><span lang=\"PT\">\u00a0&#8211; Mais 17 caixas t\u00e9rmicas contendo 177.920 vacinas v\u00e3o aterrissar no Aeroporto Internacional do Recife\/Guararapes \u2013 Gilberto Freyre na manh\u00e3 desta sexta-feira (26\/03). O carregamento, que contempla 133.200 doses da Sinovac\/Butantan e 44.720 da\u00a0 AstraZeneca\/Oxford\/Fiocruz, ambas apenas para a primeira aplica\u00e7\u00e3o, estava inicialmente prevista para chegada hoje, mas sofreu atraso.<\/span><\/p>\n<p style=\"text-align: justify;\">Com as novas doses, ser\u00e1 poss\u00edvel beneficiar, juntando com as remessas j\u00e1 entregues, 100% dos idosos entre 70 e 74 anos e 100% dos povos e comunidades quilombolas tradicionais. Tamb\u00e9m ser\u00e1 poss\u00edvel fazer a prote\u00e7\u00e3o de 25% das pessoas entre 65 e 69 de todo o territ\u00f3rio pernambucano. As entregas para todas as 12 Ger\u00eancias Regionais de Sa\u00fade (Geres) ser\u00e3o feitas j\u00e1 no in\u00edcio da manh\u00e3 da sexta (26\/03) e a opera\u00e7\u00e3o log\u00edstica, pelas vias terrestre e a\u00e9rea, ser\u00e1\u00a0finalizado\u00a0amanh\u00e3 mesmo.<\/p>\n<p style=\"text-align: justify;\"><span lang=\"PT\">\u201cA imuniza\u00e7\u00e3o vai ajudar a diminuir o n\u00famero de interna\u00e7\u00f5es e \u00f3bitos. Na \u00faltima ter\u00e7a-feira, nosso Estado bateu o recorde de pessoas vacinadas num \u00fanico dia. Foram 51 mil pernambucanos e pernambucanas imunizados. Isso s\u00f3 comprova que, com disponibilidade de vacinas, temos condi\u00e7\u00f5es de ampliar, e muito, a quantidade de pessoas protegidas\u201d, ressaltou Paulo C\u00e2mara. O governador alertou ainda que a popula\u00e7\u00e3o deve procurar o servi\u00e7o de sa\u00fade do seu munic\u00edpio para se informar sobre o calend\u00e1rio de vacina\u00e7\u00e3o. \u201cAjude os idosos que voc\u00ea conhece a se cadastrarem para serem imunizados\u201d, completou.<\/span><\/p>\n<p style=\"text-align: justify;\"><span lang=\"PT\">&#8220;A autoriza\u00e7\u00e3o do Minist\u00e9rio da Sa\u00fade para utilizar as \u00faltimas remessas das vacinas apenas como primeira dose nos possibilitar\u00e1 avan\u00e7ar e agilizar na imuniza\u00e7\u00e3o dos grupos priorit\u00e1rios. Com mais esse envio, j\u00e1 poderemos fazer a primeira aplica\u00e7\u00e3o em todos os idosos a partir dos 70 anos e uma parte dos idosos de 65 a 69 anos. A popula\u00e7\u00e3o de idosos muito nos preocupa por representar cerca de 50% das solicita\u00e7\u00f5es por leito de UTI na \u00faltima semana epidemiol\u00f3gica, al\u00e9m de cerca de 75% de todos os \u00f3bitos registrados desde o in\u00edcio da pandemia. Proteger essa popula\u00e7\u00e3o o quanto antes \u00e9 essencial para evitarmos mais casos graves e mortes e superar esse momento cr\u00edtico que estamos vivenciando&#8221;, afirmou o secret\u00e1rio estadual de Sa\u00fade, Andr\u00e9 Longo.<\/span><\/p>\n<p style=\"text-align: justify;\"><span lang=\"PT\">As doses da Sinovac\/Butantan ser\u00e3o destinadas aos idosos entre 65 e 74 anos. J\u00e1 as da\u00a0 AstraZeneca\/Oxford\/Fiocruz complementam o p\u00fablico de 65 a 69 anos e os povos e comunidades quilombolas tradicionais. Agora, sobe para 1.438.880 o n\u00famero de doses de vacinas contra a Covid-19 j\u00e1 recebidas em Pernambuco. Desse total, 1.192.160 foram da Sinovac\/Butantan e 246.720 da Astrazeneca\/Oxford\/Fiocruz.<\/span><\/p>\n<p style=\"text-align: justify;\"><span lang=\"PT\">&#8220;\u00c9 importante que todas as cidades otimizem a imuniza\u00e7\u00e3o de seus mun\u00edcipes. N\u00f3s temos expertise para vacinar com agilidade e, para isso, \u00e9 necess\u00e1rio criar as estrat\u00e9gias que ajudem a chegar a todos os beneficiados de cada territ\u00f3rio, seja ofertando vacina\u00e7\u00e3o em drive-thrus, em postos de sa\u00fade ou de casa a casa. Cada gestor deve avaliar suas particularidades para que possamos vencer mais essa etapa da campanha&#8221;, frisou Longo.<\/span><\/p>\n<p style=\"text-align: justify;\"><span lang=\"PT\">Com mais essa entrega, Pernambuco j\u00e1 est\u00e1 protegendo contra a Covid-19 os idosos a partir dos 65 anos, todos os idosos e pessoas com defici\u00eancia que vivem em institui\u00e7\u00f5es, popula\u00e7\u00e3o ind\u00edgena aldeada, trabalhadores de sa\u00fade e povos e comunidades tradicionais quilombolas.<\/span><\/p>\n<p style=\"text-align: justify;\"><b><span lang=\"PT\">BALAN\u00c7O DA VACINA\u00c7\u00c3O<\/span><\/b><span lang=\"PT\">\u00a0&#8211; Pernambuco j\u00e1 aplicou 819.863 doses da vacina contra a Covid-19, das quais 615.010 foram primeiras doses. Ao todo, foram feitas a primeira dose em 196.650 trabalhadores de sa\u00fade; 24.775 povos ind\u00edgenas aldeados; 1.671 em comunidades quilombolas; 6.097 idosos em Institui\u00e7\u00f5es de Longa Perman\u00eancia; 7.117 idosos de 64 a 69 anos; 203.994 idosos de 70 a 79 anos; 90.004 idosos de 80 a 84 anos; 83.822 idosos a partir de 85 anos; al\u00e9m de 880 pessoas com defici\u00eancia institucionalizadas.<\/span><\/p>\n<p style=\"text-align: justify;\"><span lang=\"PT\">Em rela\u00e7\u00e3o \u00e0 segunda dose, j\u00e1 foram beneficiados 151.703 trabalhadores de sa\u00fade; 23.418 povos ind\u00edgenas aldeados; 4.338 idosos institucionalizados; 38 idosos de 64 a 69 anos; 1.809 idosos de 70 a 79 anos; 19.523 idosos de 80 a 84 anos; 3.401 idosos a partir de 85 anos e 623 pessoas com defici\u00eancia institucionalizadas; totalizando 204.853 pessoas que j\u00e1 finalizaram o esquema.<\/span><\/p>\n<p style=\"text-align: justify;\">Foto: Reprodu\u00e7\u00e3o\/Internet.<\/p>\n","protected":false},"excerpt":{"rendered":"<p>A Secretaria Estadual de Sa\u00fade (SES-PE) registrou, nesta quinta-feira (25\/03), 2.786 casos da Covid-19. Entre os confirmados hoje, 187 (7%)&hellip;<\/p>\n","protected":false},"author":1,"featured_media":68231,"comment_status":"open","ping_status":"open","sticky":false,"template":"","format":"standard","meta":{"footnotes":""},"categories":[14120],"tags":[2,19532,19670,21166],"class_list":["post-68230","post","type-post","status-publish","format-standard","has-post-thumbnail","hentry","category-noticias","tag-blog-do-edvaldo-magalhaes","tag-blog-mais-acessado-e-visualizado-de-caruaru-e-regiao","tag-novo-coronavirus","tag-secretaria-de-saude-pe-divulga-novo-aumento-nos-casos-de-covid-19-no-estado"],"_links":{"self":[{"href":"https:\/\/blogdoedvaldomagalhaes.com.br\/index.php\/wp-json\/wp\/v2\/posts\/68230","targetHints":{"allow":["GET"]}}],"collection":[{"href":"https:\/\/blogdoedvaldomagalhaes.com.br\/index.php\/wp-json\/wp\/v2\/posts"}],"about":[{"href":"https:\/\/blogdoedvaldomagalhaes.com.br\/index.php\/wp-json\/wp\/v2\/types\/post"}],"author":[{"embeddable":true,"href":"https:\/\/blogdoedvaldomagalhaes.com.br\/index.php\/wp-json\/wp\/v2\/users\/1"}],"replies":[{"embeddable":true,"href":"https:\/\/blogdoedvaldomagalhaes.com.br\/index.php\/wp-json\/wp\/v2\/comments?post=68230"}],"version-history":[{"count":3,"href":"https:\/\/blogdoedvaldomagalhaes.com.br\/index.php\/wp-json\/wp\/v2\/posts\/68230\/revisions"}],"predecessor-version":[{"id":68261,"href":"https:\/\/blogdoedvaldomagalhaes.com.br\/index.php\/wp-json\/wp\/v2\/posts\/68230\/revisions\/68261"}],"wp:featuredmedia":[{"embeddable":true,"href":"https:\/\/blogdoedvaldomagalhaes.com.br\/index.php\/wp-json\/wp\/v2\/media\/68231"}],"wp:attachment":[{"href":"https:\/\/blogdoedvaldomagalhaes.com.br\/index.php\/wp-json\/wp\/v2\/media?parent=68230"}],"wp:term":[{"taxonomy":"category","embeddable":true,"href":"https:\/\/blogdoedvaldomagalhaes.com.br\/index.php\/wp-json\/wp\/v2\/categories?post=68230"},{"taxonomy":"post_tag","embeddable":true,"href":"https:\/\/blogdoedvaldomagalhaes.com.br\/index.php\/wp-json\/wp\/v2\/tags?post=68230"}],"curies":[{"name":"wp","href":"https:\/\/api.w.org\/{rel}","templated":true}]}}