{"id":6823,"date":"2017-02-08T16:30:00","date_gmt":"2017-02-08T18:30:00","guid":{"rendered":"http:\/\/blogdoedvaldomagalhaes.com.br\/index.php\/2017\/02\/08\/edson-vieira-e-o-novo-presidente-do\/"},"modified":"2019-02-09T01:16:21","modified_gmt":"2019-02-09T03:16:21","slug":"edson-vieira-e-o-novo-presidente-do","status":"publish","type":"post","link":"https:\/\/blogdoedvaldomagalhaes.com.br\/index.php\/2017\/02\/08\/edson-vieira-e-o-novo-presidente-do\/","title":{"rendered":"Edson Vieira \u00e9 o novo presidente do CONIAPE"},"content":{"rendered":"<div class=\"separator\" style=\"clear: both; text-align: center;\">\n<a href=\"https:\/\/3.bp.blogspot.com\/-AMdhh7ymLlM\/WJs6zd69FnI\/AAAAAAAAPAc\/kRu28HtuoUUcQK9hgcqRYAYkQfzJOOXKgCLcB\/s1600\/DSC08606.JPG\" imageanchor=\"1\" style=\"margin-left: 1em; margin-right: 1em;\"><img loading=\"lazy\" decoding=\"async\" border=\"0\" height=\"300\" src=\"http:\/\/blogdoedvaldomagalhaes.com.br\/wp-content\/uploads\/2017\/02\/DSC08606.jpg\" width=\"400\" \/><\/a><\/div>\n<div style=\"text-align: justify;\">\n<\/div>\n<div class=\"wrap mcb-wrap one  valign-top clearfix\">\n<div class=\"mcb-wrap-inner\">\n<div class=\"column mcb-column one column_content \">\n<div class=\"the_content\">\n<div class=\"the_content_wrapper\">\n<div style=\"text-align: justify;\">\nO<br \/>\n prefeito de Santa Cruz do Capibaribe, Edson Vieira, \u00e9 o novo presidente<br \/>\n do Cons\u00f3rcio P\u00fablico Intermunicipal do Agreste Pernambucano e<br \/>\nFronteiras \u2013 CONIAPE. A elei\u00e7\u00e3o para nova diretoria aconteceu essa semana em Caruaru, na sede do Cons\u00f3rcio. O pleito eleitoral teve apenas uma chapa, que recebeu 12 votos e contou com o apoio dos ex-presidentes do cons\u00f3rcio<br \/>\nEvil\u00e1sio Ara\u00fajo e Ivanildo Mestre Bezerra.<\/div>\n<div style=\"text-align: justify;\">\n<\/div>\n<div class=\"separator\" style=\"clear: both; text-align: center;\">\n<a href=\"https:\/\/3.bp.blogspot.com\/-_05-rtEX-BA\/WJs7YEMKl4I\/AAAAAAAAPAg\/TQ5FnbvgNoMFtppkTy2k22qVQqgvFOSHgCLcB\/s1600\/DSC08681.JPG\" imageanchor=\"1\" style=\"margin-left: 1em; margin-right: 1em;\"><img loading=\"lazy\" decoding=\"async\" border=\"0\" height=\"300\" src=\"http:\/\/blogdoedvaldomagalhaes.com.br\/wp-content\/uploads\/2017\/02\/DSC08681.jpg\" width=\"400\" \/><\/a><\/div>\n<div style=\"text-align: justify;\">\n<\/div>\n<div style=\"text-align: justify;\">\nO CONIAPE surgiu com o prop\u00f3sito de solucionar problemas em comum dos munic\u00edpios de forma consorciada. Atualmente 18 munic\u00edpios fazem parte do CONIAPE, eles aderiram aos<br \/>\nn\u00facleos de acordo com suas necessidades, como N\u00facleo de Ilumina\u00e7\u00e3o<br \/>\nP\u00fablica, N\u00facleo de Sa\u00fade, N\u00facleo de Saneamento B\u00e1sico, por exemplo.<\/div>\n<div style=\"text-align: justify;\">\n<\/div>\n<div class=\"separator\" style=\"clear: both; text-align: center;\">\n<a href=\"https:\/\/1.bp.blogspot.com\/-g-czF_1fj4k\/WJs7dUHfitI\/AAAAAAAAPAk\/DscnvPBG42EKA5DrmM-O3erv0lUfo2NzQCLcB\/s1600\/26.png\" imageanchor=\"1\" style=\"margin-left: 1em; margin-right: 1em;\"><img loading=\"lazy\" decoding=\"async\" border=\"0\" height=\"238\" src=\"http:\/\/blogdoedvaldomagalhaes.com.br\/wp-content\/uploads\/2017\/02\/26.png\" width=\"400\" \/><\/a><\/div>\n<div class=\"separator\" style=\"clear: both; text-align: center;\">\nFotos: Janaina Wal\u00e9ria<\/div>\n<div style=\"text-align: justify;\">\n<\/div>\n<div style=\"text-align: justify;\">\n&#8220;O objetivo \u00e9 fortalecer o CONIAPE para que possa ajudar ainda mais<br \/>\nSanta Cruz do Capibaribe e os outros munic\u00edpios da Regi\u00e3o. Sabemos que<br \/>\nn\u00e3o vai ser f\u00e1cil e que h\u00e1 muito trabalho, mas estou determinado<br \/>\njuntamente com a equipe em dar o melhor para continuar avan\u00e7ando e<br \/>\nsuperar os desafios.&#8221; Afirmou, Edson Vieira.<\/div>\n<div style=\"text-align: justify;\">\n<\/div>\n<div style=\"text-align: justify;\">\nMembros da nova diretoria do CONIAPE:<\/div>\n<div style=\"text-align: justify;\">\n<\/div>\n<div style=\"text-align: justify;\">\nPresidente \u2013 Edson Vieria, prefeito de Santa Cruz do Capibaribe<\/div>\n<div style=\"text-align: justify;\">\n<\/div>\n<div style=\"text-align: justify;\">\n1\u00ba Vice-presidente \u2013 Ana C\u00e9lia Cabral de Farias, prefeita de Surubim<\/div>\n<div style=\"text-align: justify;\">\n<\/div>\n<div style=\"text-align: justify;\">\n2\u00ba Vice-presidente \u2013 Ivanildo Mestre Bezerra, prefeito de Taquaritinga do Norte<\/div>\n<div style=\"text-align: justify;\">\n<\/div>\n<div style=\"text-align: justify;\">\nSecret\u00e1rio Geral \u2013 Jo\u00e3o Ten\u00f3rio Vaz Cavalcanti Junior, prefeito de S\u00e3o Joaquim do Monte<\/div>\n<div style=\"text-align: justify;\">\n<\/div>\n<div style=\"text-align: justify;\">\nSecret\u00e1rio Geral Adjunto \u2013 Severino Ot\u00e1vio R. Monteiro, prefeito de Bezerros<\/div>\n<div style=\"text-align: justify;\">\n<\/div>\n<div style=\"text-align: justify;\">\n1\u00ba Tesoureiro \u2013 Hil\u00e1rio Paulo da Silva, prefeito de Brejo da Madre de Deus<\/div>\n<div style=\"text-align: justify;\">\n<\/div>\n<div style=\"text-align: justify;\">\n2\u00ba Tesoureiro \u2013 Alex Robervan de Lima, prefeito de Santa Maria do Cambuc\u00e1<\/div>\n<div style=\"text-align: justify;\">\n<\/div>\n<p><\/p>\n<div style=\"text-align: justify;\">\nMembros Conselho Fiscal: Romero Leal \u2013 Prefeito de Vertentes, Edilson<br \/>\n Tavares de Lima \u2013 Prefeito de Toritama, Jadiel Cordeiro Braga \u2013<br \/>\nPrefeito de S\u00e3o Caetano. Membro Suplente, Adriana Alves Concei\u00e7\u00e3o<br \/>\nBarbosa \u2013 Prefeita de Frei Miguelinho.<\/p>\n<p><\/p>\n<div class=\"separator\" style=\"clear: both; text-align: center;\">\n<a href=\"http:\/\/blogdoedvaldomagalhaes.com.br\/wp-content\/uploads\/2017\/02\/2-SISMUC-1.jpg\" imageanchor=\"1\" style=\"clear: left; float: left; margin-bottom: 1em; margin-right: 1em;\"><img decoding=\"async\" border=\"0\" src=\"http:\/\/blogdoedvaldomagalhaes.com.br\/wp-content\/uploads\/2017\/02\/2-SISMUC-1.jpg\" \/><\/a><\/div>\n<p><\/div>\n<\/div>\n<\/div>\n<\/div>\n<\/div>\n<\/div>\n","protected":false},"excerpt":{"rendered":"<p>O prefeito de Santa Cruz do Capibaribe, Edson Vieira, \u00e9 o novo presidente do Cons\u00f3rcio P\u00fablico Intermunicipal do Agreste Pernambucano&hellip;<\/p>\n","protected":false},"author":1,"featured_media":0,"comment_status":"open","ping_status":"open","sticky":false,"template":"","format":"standard","meta":{"footnotes":""},"categories":[1],"tags":[9299,2,9300,9301,9302,20,1315],"class_list":["post-6823","post","type-post","status-publish","format-standard","hentry","category-sem-categoria","tag-ana-celia-cabral-de-farias","tag-blog-do-edvaldo-magalhaes","tag-edson-vieira-e-o-novo-presidente-do-coniape","tag-evilasio-araujo","tag-ivanildo-mestre-bezerra","tag-politica","tag-santa-cruz-do-capibaribe"],"_links":{"self":[{"href":"https:\/\/blogdoedvaldomagalhaes.com.br\/index.php\/wp-json\/wp\/v2\/posts\/6823","targetHints":{"allow":["GET"]}}],"collection":[{"href":"https:\/\/blogdoedvaldomagalhaes.com.br\/index.php\/wp-json\/wp\/v2\/posts"}],"about":[{"href":"https:\/\/blogdoedvaldomagalhaes.com.br\/index.php\/wp-json\/wp\/v2\/types\/post"}],"author":[{"embeddable":true,"href":"https:\/\/blogdoedvaldomagalhaes.com.br\/index.php\/wp-json\/wp\/v2\/users\/1"}],"replies":[{"embeddable":true,"href":"https:\/\/blogdoedvaldomagalhaes.com.br\/index.php\/wp-json\/wp\/v2\/comments?post=6823"}],"version-history":[{"count":1,"href":"https:\/\/blogdoedvaldomagalhaes.com.br\/index.php\/wp-json\/wp\/v2\/posts\/6823\/revisions"}],"predecessor-version":[{"id":16704,"href":"https:\/\/blogdoedvaldomagalhaes.com.br\/index.php\/wp-json\/wp\/v2\/posts\/6823\/revisions\/16704"}],"wp:attachment":[{"href":"https:\/\/blogdoedvaldomagalhaes.com.br\/index.php\/wp-json\/wp\/v2\/media?parent=6823"}],"wp:term":[{"taxonomy":"category","embeddable":true,"href":"https:\/\/blogdoedvaldomagalhaes.com.br\/index.php\/wp-json\/wp\/v2\/categories?post=6823"},{"taxonomy":"post_tag","embeddable":true,"href":"https:\/\/blogdoedvaldomagalhaes.com.br\/index.php\/wp-json\/wp\/v2\/tags?post=6823"}],"curies":[{"name":"wp","href":"https:\/\/api.w.org\/{rel}","templated":true}]}}