{"id":68227,"date":"2021-03-25T11:31:15","date_gmt":"2021-03-25T14:31:15","guid":{"rendered":"https:\/\/blogdoedvaldomagalhaes.com.br\/?p=68227"},"modified":"2021-03-25T11:31:16","modified_gmt":"2021-03-25T14:31:16","slug":"suspeitos-de-piramide-financeira-sao-presos-e-lider-com-residencia-em-caruaru-e-preso-na-paraiba","status":"publish","type":"post","link":"https:\/\/blogdoedvaldomagalhaes.com.br\/index.php\/2021\/03\/25\/suspeitos-de-piramide-financeira-sao-presos-e-lider-com-residencia-em-caruaru-e-preso-na-paraiba\/","title":{"rendered":"Suspeitos de Pir\u00e2mide Financeira s\u00e3o presos e l\u00edder com resid\u00eancia em Caruaru \u00e9 preso na Para\u00edba"},"content":{"rendered":"<div>\n<p style=\"text-align: justify;\">Uma opera\u00e7\u00e3o deflagrada nesta quinta-feira (25) pelo Minist\u00e9rio P\u00fablico em cinco estados tenta eliminar uma organiza\u00e7\u00e3o criminosa suspeita de pir\u00e2mide financeira, crime contra as rela\u00e7\u00f5es de consumo e lavagem de dinheiro. Em Pernambuco, foram emitidos cincoo mandados de pris\u00e3o tempor\u00e1ria e 12 mandados de busca e apreens\u00e3o domiciliar nas cidades do Recife, Caruaru, Pesqueira e Gravat\u00e1.<\/p>\n<p style=\"text-align: justify;\">Na Para\u00edba, o chefe do grupo foi localizado em Jo\u00e3o Pessoa, mas reside em Caruaru. Com ele, foram encontrados carros de luxo. As investiga\u00e7\u00f5es tiveram in\u00edcio em maio de 2020.<\/p>\n<p style=\"text-align: justify;\">Segundo o Minist\u00e9rio P\u00fablico, os valores transferidos pelos clientes eram convertidos pela organiza\u00e7\u00e3o criminosa em bens de alto valor e criptomoedas, um tipo de dinheiro virtual. O preju\u00edzo gerado pela quadrilha foi estimado em 60 milh\u00f5es de reais. At\u00e9 ent\u00e3o, foram identificadas 1.500 pessoas v\u00edtimas do esquema.<\/p>\n<\/div>\n","protected":false},"excerpt":{"rendered":"<p>Uma opera\u00e7\u00e3o deflagrada nesta quinta-feira (25) pelo Minist\u00e9rio P\u00fablico em cinco estados tenta eliminar uma organiza\u00e7\u00e3o criminosa suspeita de pir\u00e2mide&hellip;<\/p>\n","protected":false},"author":1,"featured_media":68228,"comment_status":"open","ping_status":"open","sticky":false,"template":"","format":"standard","meta":{"footnotes":""},"categories":[14121],"tags":[2,19532,1950,21165],"class_list":["post-68227","post","type-post","status-publish","format-standard","has-post-thumbnail","hentry","category-policial","tag-blog-do-edvaldo-magalhaes","tag-blog-mais-acessado-e-visualizado-de-caruaru-e-regiao","tag-noticias-de-caruaru","tag-suspeitos-de-piramide-financeira-sao-presos-e-lider-com-residencia-em-caruaru-e-preso-na-paraiba"],"_links":{"self":[{"href":"https:\/\/blogdoedvaldomagalhaes.com.br\/index.php\/wp-json\/wp\/v2\/posts\/68227","targetHints":{"allow":["GET"]}}],"collection":[{"href":"https:\/\/blogdoedvaldomagalhaes.com.br\/index.php\/wp-json\/wp\/v2\/posts"}],"about":[{"href":"https:\/\/blogdoedvaldomagalhaes.com.br\/index.php\/wp-json\/wp\/v2\/types\/post"}],"author":[{"embeddable":true,"href":"https:\/\/blogdoedvaldomagalhaes.com.br\/index.php\/wp-json\/wp\/v2\/users\/1"}],"replies":[{"embeddable":true,"href":"https:\/\/blogdoedvaldomagalhaes.com.br\/index.php\/wp-json\/wp\/v2\/comments?post=68227"}],"version-history":[{"count":1,"href":"https:\/\/blogdoedvaldomagalhaes.com.br\/index.php\/wp-json\/wp\/v2\/posts\/68227\/revisions"}],"predecessor-version":[{"id":68229,"href":"https:\/\/blogdoedvaldomagalhaes.com.br\/index.php\/wp-json\/wp\/v2\/posts\/68227\/revisions\/68229"}],"wp:featuredmedia":[{"embeddable":true,"href":"https:\/\/blogdoedvaldomagalhaes.com.br\/index.php\/wp-json\/wp\/v2\/media\/68228"}],"wp:attachment":[{"href":"https:\/\/blogdoedvaldomagalhaes.com.br\/index.php\/wp-json\/wp\/v2\/media?parent=68227"}],"wp:term":[{"taxonomy":"category","embeddable":true,"href":"https:\/\/blogdoedvaldomagalhaes.com.br\/index.php\/wp-json\/wp\/v2\/categories?post=68227"},{"taxonomy":"post_tag","embeddable":true,"href":"https:\/\/blogdoedvaldomagalhaes.com.br\/index.php\/wp-json\/wp\/v2\/tags?post=68227"}],"curies":[{"name":"wp","href":"https:\/\/api.w.org\/{rel}","templated":true}]}}