{"id":68224,"date":"2021-03-25T11:13:23","date_gmt":"2021-03-25T14:13:23","guid":{"rendered":"https:\/\/blogdoedvaldomagalhaes.com.br\/?p=68224"},"modified":"2021-03-25T11:13:24","modified_gmt":"2021-03-25T14:13:24","slug":"sismuc-regional-se-solidariza-pelas-mortes-dos-cinco-professores-da-rede-estadual-vitimas-da-covid-19","status":"publish","type":"post","link":"https:\/\/blogdoedvaldomagalhaes.com.br\/index.php\/2021\/03\/25\/sismuc-regional-se-solidariza-pelas-mortes-dos-cinco-professores-da-rede-estadual-vitimas-da-covid-19\/","title":{"rendered":"Sismuc Regional se solidariza pelas mortes dos cinco professores da Rede Estadual v\u00edtimas da Covid-19"},"content":{"rendered":"<p style=\"text-align: justify;\"><span style=\"font-size: inherit;\">O presidente do Sismuc Regional, Eduardo Mendon\u00e7a, se solidariza, em nome de toda categoria dos Servidores da Educa\u00e7\u00e3o com as fam\u00edlias dos cinco professores do Estado que faleceram nesta ter\u00e7a (23), v\u00edtimas da Covid-19. A triste not\u00edcia dessas mortes s\u00f3 refor\u00e7a o entendimento do Sindicato de que os professores estejam o quanto antes, no grupo priorit\u00e1rio do calend\u00e1rio de vacina\u00e7\u00e3o.<\/span><\/p>\n<p style=\"text-align: justify;\">Nesse momento em que o mundo busca conter o avan\u00e7o do novo coronav\u00edrus, e numa corrida contra o tempo, vacinar toda a popula\u00e7\u00e3o, principalmente os professores que tiveram que retornar as aulas presenciais, parece n\u00e3o ser essencial para os nossos governantes.<\/p>\n<p style=\"text-align: justify;\">Pernambuco perdeu nesta ter\u00e7a-feira (23\/03), 5 professores da Rede Estadual de Ensino, 5 vidas, para as fam\u00edlias e amigos de Anderson Paulo; Luiz Gonzaga; Edson Barbosa; Sizenice Amorim e Rita Amorim dor maior n\u00e3o h\u00e1 nesse momento de perda definitiva. Os profissionais dedicaram suas vidas a ensinar e compartilhar o conhecimento, infelizmente foram ceifados pela Covid-19.<\/p>\n<p style=\"text-align: justify;\">A Secretaria Estadual de Sa\u00fade (SES-PE) registrou, nesta quarta-feira (24), 2738 novas infec\u00e7\u00f5es e 49 \u00f3bitos por Covid-19 nas \u00faltimas 24h.<\/p>\n","protected":false},"excerpt":{"rendered":"<p>O presidente do Sismuc Regional, Eduardo Mendon\u00e7a, se solidariza, em nome de toda categoria dos Servidores da Educa\u00e7\u00e3o com as&hellip;<\/p>\n","protected":false},"author":1,"featured_media":68225,"comment_status":"open","ping_status":"open","sticky":false,"template":"","format":"standard","meta":{"footnotes":""},"categories":[14120],"tags":[2,19532,6,19670,21164],"class_list":["post-68224","post","type-post","status-publish","format-standard","has-post-thumbnail","hentry","category-noticias","tag-blog-do-edvaldo-magalhaes","tag-blog-mais-acessado-e-visualizado-de-caruaru-e-regiao","tag-noticias","tag-novo-coronavirus","tag-sismuc-regional-se-solidariza-pelas-mortes-dos-cinco-professores-da-rede-estadual-vitimas-da-covid-19"],"_links":{"self":[{"href":"https:\/\/blogdoedvaldomagalhaes.com.br\/index.php\/wp-json\/wp\/v2\/posts\/68224","targetHints":{"allow":["GET"]}}],"collection":[{"href":"https:\/\/blogdoedvaldomagalhaes.com.br\/index.php\/wp-json\/wp\/v2\/posts"}],"about":[{"href":"https:\/\/blogdoedvaldomagalhaes.com.br\/index.php\/wp-json\/wp\/v2\/types\/post"}],"author":[{"embeddable":true,"href":"https:\/\/blogdoedvaldomagalhaes.com.br\/index.php\/wp-json\/wp\/v2\/users\/1"}],"replies":[{"embeddable":true,"href":"https:\/\/blogdoedvaldomagalhaes.com.br\/index.php\/wp-json\/wp\/v2\/comments?post=68224"}],"version-history":[{"count":1,"href":"https:\/\/blogdoedvaldomagalhaes.com.br\/index.php\/wp-json\/wp\/v2\/posts\/68224\/revisions"}],"predecessor-version":[{"id":68226,"href":"https:\/\/blogdoedvaldomagalhaes.com.br\/index.php\/wp-json\/wp\/v2\/posts\/68224\/revisions\/68226"}],"wp:featuredmedia":[{"embeddable":true,"href":"https:\/\/blogdoedvaldomagalhaes.com.br\/index.php\/wp-json\/wp\/v2\/media\/68225"}],"wp:attachment":[{"href":"https:\/\/blogdoedvaldomagalhaes.com.br\/index.php\/wp-json\/wp\/v2\/media?parent=68224"}],"wp:term":[{"taxonomy":"category","embeddable":true,"href":"https:\/\/blogdoedvaldomagalhaes.com.br\/index.php\/wp-json\/wp\/v2\/categories?post=68224"},{"taxonomy":"post_tag","embeddable":true,"href":"https:\/\/blogdoedvaldomagalhaes.com.br\/index.php\/wp-json\/wp\/v2\/tags?post=68224"}],"curies":[{"name":"wp","href":"https:\/\/api.w.org\/{rel}","templated":true}]}}