{"id":68221,"date":"2021-03-25T09:58:08","date_gmt":"2021-03-25T12:58:08","guid":{"rendered":"https:\/\/blogdoedvaldomagalhaes.com.br\/?p=68221"},"modified":"2021-03-25T09:58:09","modified_gmt":"2021-03-25T12:58:09","slug":"cdl-caruaru-emite-carta-aberta-ao-governador-e-prefeita-de-caruaru-sobre-medidas-restritivas","status":"publish","type":"post","link":"https:\/\/blogdoedvaldomagalhaes.com.br\/index.php\/2021\/03\/25\/cdl-caruaru-emite-carta-aberta-ao-governador-e-prefeita-de-caruaru-sobre-medidas-restritivas\/","title":{"rendered":"CDL Caruaru emite Carta Aberta ao Governador e Prefeita de Caruaru sobre medidas restritivas"},"content":{"rendered":"<p style=\"text-align: justify;\">A C\u00e2mara de Dirigentes Lojistas de Caruaru CDL) enviou carta aberta ao governador Paulo C\u00e2mara e a prefeita Raquel Lyra sobre as medidas restritivas. No documento, a entidade reconhece a import\u00e2ncia da quarentena para frear a pandemia da covid-19, mas critica o fechamento do com\u00e9rcio.<\/p>\n<p style=\"text-align: justify;\">A CDL afirma que tem adotado, desde o princ\u00edpio da pandemia, todos os protocolos sanit\u00e1rios para o funcionamento dos estabelecimentos dos associados e que n\u00e3o h\u00e1 registro de foco de contamina\u00e7\u00e3o. Tamb\u00e9m defende a\u00e7\u00f5es para impedir festas, aglomera\u00e7\u00f5es desnecess\u00e1rias e atividades clandestinas, bem como os que descumprem os protocolos.<\/p>\n<p style=\"text-align: justify;\">A carta aberta mostra, ainda, que o com\u00e9rcio lojista n\u00e3o deve ser tratado como se fosse o grande vil\u00e3o e a principal fonte de prolifera\u00e7\u00e3o do v\u00edrus. O documento tamb\u00e9m afirma que os lojistas n\u00e3o devem pagar o pre\u00e7o maior das medidas restritivas de combate a covid-19.<\/p>\n","protected":false},"excerpt":{"rendered":"<p>A C\u00e2mara de Dirigentes Lojistas de Caruaru CDL) enviou carta aberta ao governador Paulo C\u00e2mara e a prefeita Raquel Lyra&hellip;<\/p>\n","protected":false},"author":1,"featured_media":68222,"comment_status":"open","ping_status":"open","sticky":false,"template":"","format":"standard","meta":{"footnotes":""},"categories":[14120],"tags":[2,19532,21163,1950,19670],"class_list":["post-68221","post","type-post","status-publish","format-standard","has-post-thumbnail","hentry","category-noticias","tag-blog-do-edvaldo-magalhaes","tag-blog-mais-acessado-e-visualizado-de-caruaru-e-regiao","tag-cdl-caruaru-emite-carta-aberta-ao-governador-e-prefeita-de-caruaru-sobre-medidas-restritivas","tag-noticias-de-caruaru","tag-novo-coronavirus"],"_links":{"self":[{"href":"https:\/\/blogdoedvaldomagalhaes.com.br\/index.php\/wp-json\/wp\/v2\/posts\/68221","targetHints":{"allow":["GET"]}}],"collection":[{"href":"https:\/\/blogdoedvaldomagalhaes.com.br\/index.php\/wp-json\/wp\/v2\/posts"}],"about":[{"href":"https:\/\/blogdoedvaldomagalhaes.com.br\/index.php\/wp-json\/wp\/v2\/types\/post"}],"author":[{"embeddable":true,"href":"https:\/\/blogdoedvaldomagalhaes.com.br\/index.php\/wp-json\/wp\/v2\/users\/1"}],"replies":[{"embeddable":true,"href":"https:\/\/blogdoedvaldomagalhaes.com.br\/index.php\/wp-json\/wp\/v2\/comments?post=68221"}],"version-history":[{"count":1,"href":"https:\/\/blogdoedvaldomagalhaes.com.br\/index.php\/wp-json\/wp\/v2\/posts\/68221\/revisions"}],"predecessor-version":[{"id":68223,"href":"https:\/\/blogdoedvaldomagalhaes.com.br\/index.php\/wp-json\/wp\/v2\/posts\/68221\/revisions\/68223"}],"wp:featuredmedia":[{"embeddable":true,"href":"https:\/\/blogdoedvaldomagalhaes.com.br\/index.php\/wp-json\/wp\/v2\/media\/68222"}],"wp:attachment":[{"href":"https:\/\/blogdoedvaldomagalhaes.com.br\/index.php\/wp-json\/wp\/v2\/media?parent=68221"}],"wp:term":[{"taxonomy":"category","embeddable":true,"href":"https:\/\/blogdoedvaldomagalhaes.com.br\/index.php\/wp-json\/wp\/v2\/categories?post=68221"},{"taxonomy":"post_tag","embeddable":true,"href":"https:\/\/blogdoedvaldomagalhaes.com.br\/index.php\/wp-json\/wp\/v2\/tags?post=68221"}],"curies":[{"name":"wp","href":"https:\/\/api.w.org\/{rel}","templated":true}]}}