{"id":6822,"date":"2017-02-08T19:00:00","date_gmt":"2017-02-08T21:00:00","guid":{"rendered":"http:\/\/blogdoedvaldomagalhaes.com.br\/index.php\/2017\/02\/08\/vereador-solicita-audiencia-publica\/"},"modified":"2019-02-09T01:16:22","modified_gmt":"2019-02-09T03:16:22","slug":"vereador-solicita-audiencia-publica","status":"publish","type":"post","link":"https:\/\/blogdoedvaldomagalhaes.com.br\/index.php\/2017\/02\/08\/vereador-solicita-audiencia-publica\/","title":{"rendered":"Vereador solicita audi\u00eancia p\u00fablica sobre a Feira da Sulanca de Caruaru"},"content":{"rendered":"<div class=\"separator\" style=\"clear: both; text-align: center;\">\n<a href=\"https:\/\/4.bp.blogspot.com\/-PaTHbDc_hQw\/WJs_oFbLI3I\/AAAAAAAAPBA\/p5QbBib5zIQM3MpYa24cSBUfTqpFGlWXQCLcB\/s1600\/20140417161924407835e.jpg\" imageanchor=\"1\" style=\"margin-left: 1em; margin-right: 1em;\"><img loading=\"lazy\" decoding=\"async\" border=\"0\" height=\"266\" src=\"http:\/\/blogdoedvaldomagalhaes.com.br\/wp-content\/uploads\/2017\/02\/20140417161924407835e.jpg\" width=\"400\" \/><\/a><\/div>\n<div class=\"separator\" style=\"clear: both; text-align: center;\">\nFoto: Blenda Souto Maior<\/div>\n<div class=\"separator\" style=\"clear: both; text-align: center;\">\n<\/div>\n<div style=\"text-align: justify;\">\nO vereador Alberes Lopes (PRP) convida a popula\u00e7\u00e3o para dialogar sobre os \u2018caminhos e as necessidades da Feira da Sulanca de Caruaru\u2019, em&nbsp;uma audi\u00eancia p\u00fablica. Com a justificativa de que a entidades de classe como CDL, Acic, Sindloja, Associa\u00e7\u00e3o dos Sulanqueiros de Caruaru, Associa\u00e7\u00e3o dos Fornecedores de banco, Associa\u00e7\u00e3o dos Ambulantes, s\u00e3o unanimes em reconhecer que a Feira da Sulanca de Caruaru deve ser colocada como prioridade nas a\u00e7\u00f5es dos poderes p\u00fablicos da cidade.&nbsp;<\/div>\n<div style=\"text-align: justify;\">\n<\/div>\n<div style=\"text-align: justify;\">\n\u201cN\u00f3s como Poder Legislativo Municipal devemos convocar todos os entes institucionais para dialogar e solucionar definitivamente os desentendimentos existentes. Com essa audi\u00eancia p\u00fablica, vamos iniciar a construir um novo rumo para t\u00e3o importante setor produtivo de nossa cidade\u201d, diz Alberes Lopes.<\/p>\n<p><\/p>\n<div class=\"separator\" style=\"clear: both; text-align: center;\">\n<a href=\"http:\/\/blogdoedvaldomagalhaes.com.br\/wp-content\/uploads\/2017\/02\/3-FestadasPatroas-2.jpg\" imageanchor=\"1\" style=\"clear: left; float: left; margin-bottom: 1em; margin-right: 1em;\"><img decoding=\"async\" border=\"0\" src=\"http:\/\/blogdoedvaldomagalhaes.com.br\/wp-content\/uploads\/2017\/02\/3-FestadasPatroas-2.jpg\" \/><\/a><\/div>\n<p><\/div>\n","protected":false},"excerpt":{"rendered":"<p>Foto: Blenda Souto Maior O vereador Alberes Lopes (PRP) convida a popula\u00e7\u00e3o para dialogar sobre os \u2018caminhos e as necessidades&hellip;<\/p>\n","protected":false},"author":1,"featured_media":0,"comment_status":"open","ping_status":"open","sticky":false,"template":"","format":"standard","meta":{"footnotes":""},"categories":[1],"tags":[2155,2,6,9298],"class_list":["post-6822","post","type-post","status-publish","format-standard","hentry","category-sem-categoria","tag-alberes-lopes","tag-blog-do-edvaldo-magalhaes","tag-noticias","tag-vereador-solicita-audiencia-publica-sobre-a-feira-da-sulanca-de-caruaru"],"_links":{"self":[{"href":"https:\/\/blogdoedvaldomagalhaes.com.br\/index.php\/wp-json\/wp\/v2\/posts\/6822","targetHints":{"allow":["GET"]}}],"collection":[{"href":"https:\/\/blogdoedvaldomagalhaes.com.br\/index.php\/wp-json\/wp\/v2\/posts"}],"about":[{"href":"https:\/\/blogdoedvaldomagalhaes.com.br\/index.php\/wp-json\/wp\/v2\/types\/post"}],"author":[{"embeddable":true,"href":"https:\/\/blogdoedvaldomagalhaes.com.br\/index.php\/wp-json\/wp\/v2\/users\/1"}],"replies":[{"embeddable":true,"href":"https:\/\/blogdoedvaldomagalhaes.com.br\/index.php\/wp-json\/wp\/v2\/comments?post=6822"}],"version-history":[{"count":1,"href":"https:\/\/blogdoedvaldomagalhaes.com.br\/index.php\/wp-json\/wp\/v2\/posts\/6822\/revisions"}],"predecessor-version":[{"id":16707,"href":"https:\/\/blogdoedvaldomagalhaes.com.br\/index.php\/wp-json\/wp\/v2\/posts\/6822\/revisions\/16707"}],"wp:attachment":[{"href":"https:\/\/blogdoedvaldomagalhaes.com.br\/index.php\/wp-json\/wp\/v2\/media?parent=6822"}],"wp:term":[{"taxonomy":"category","embeddable":true,"href":"https:\/\/blogdoedvaldomagalhaes.com.br\/index.php\/wp-json\/wp\/v2\/categories?post=6822"},{"taxonomy":"post_tag","embeddable":true,"href":"https:\/\/blogdoedvaldomagalhaes.com.br\/index.php\/wp-json\/wp\/v2\/tags?post=6822"}],"curies":[{"name":"wp","href":"https:\/\/api.w.org\/{rel}","templated":true}]}}