{"id":68213,"date":"2021-03-24T19:41:36","date_gmt":"2021-03-24T22:41:36","guid":{"rendered":"https:\/\/blogdoedvaldomagalhaes.com.br\/?p=68213"},"modified":"2021-03-24T19:41:37","modified_gmt":"2021-03-24T22:41:37","slug":"artistas-brasileiros-demitem-parte-dos-seus-funcionarios-por-causa-da-pandemia","status":"publish","type":"post","link":"https:\/\/blogdoedvaldomagalhaes.com.br\/index.php\/2021\/03\/24\/artistas-brasileiros-demitem-parte-dos-seus-funcionarios-por-causa-da-pandemia\/","title":{"rendered":"Artistas brasileiros demitem parte dos seus funcion\u00e1rios por causa da pandemia"},"content":{"rendered":"<p style=\"text-align: justify;\">Xand Avi\u00e3o, Wesley Safad\u00e3o, Mar\u00edlia Mendon\u00e7a, Luan Santana, Matheus e Kauan, Gustavo Mioto, Matruz com Leite, Brasas do Forr\u00f3 e recentemente Batista Lima, s\u00e3o alguns m\u00fasicos e bandas que demitiram parte dos seus funcion\u00e1rios devido \u00e0 crise financeira atual causada pela pandemia da Covid-19.<\/p>\n<p style=\"text-align: justify;\">Sem a previs\u00e3o da retomada de shows, eventos e apresenta\u00e7\u00f5es p\u00fablicas, a solu\u00e7\u00e3o encontrada por esses artistas foi a demiss\u00e3o e a redu\u00e7\u00e3o de sal\u00e1rios. Alguns artistas declararam recontrat\u00e1-los assim que a pandemia for controlada e as coisas voltarem ao normal.<\/p>\n<p style=\"text-align: justify;\">Nessa ter\u00e7a-feira (23), Batista Lima publicou um v\u00eddeo em suas redes sociais lamentando essa decis\u00e3o. \u201cInfelizmente, depois de tanta luta, tanta batalha (\u2026) eu tive que demitir os meus funcion\u00e1rios com muita dor no cora\u00e7\u00e3o\u201d, declarou.<\/p>\n<p style=\"text-align: justify;\">No v\u00eddeo, ele pede ora\u00e7\u00f5es pelos profissionais da \u00e1rea de entretenimento afetados pela pandemia, diz que os artistas est\u00e3o abrindo m\u00e3o de um trabalho constru\u00eddo ao longo de muitos anos e questiona o que os pol\u00edticos est\u00e3o abrindo m\u00e3o.<\/p>\n<p style=\"text-align: justify;\">Fonte: R\u00e1dio Liberdade.<\/p>\n<p style=\"text-align: justify;\">Foto: Reprodu\u00e7\u00e3o\/Instagram.<\/p>\n","protected":false},"excerpt":{"rendered":"<p>Xand Avi\u00e3o, Wesley Safad\u00e3o, Mar\u00edlia Mendon\u00e7a, Luan Santana, Matheus e Kauan, Gustavo Mioto, Matruz com Leite, Brasas do Forr\u00f3 e&hellip;<\/p>\n","protected":false},"author":1,"featured_media":68214,"comment_status":"open","ping_status":"open","sticky":false,"template":"","format":"standard","meta":{"footnotes":""},"categories":[14120],"tags":[21162,2,19532,6,19670],"class_list":["post-68213","post","type-post","status-publish","format-standard","has-post-thumbnail","hentry","category-noticias","tag-artistas-brasileiros-demitem-parte-dos-seus-funcionarios-por-causa-da-pandemia","tag-blog-do-edvaldo-magalhaes","tag-blog-mais-acessado-e-visualizado-de-caruaru-e-regiao","tag-noticias","tag-novo-coronavirus"],"_links":{"self":[{"href":"https:\/\/blogdoedvaldomagalhaes.com.br\/index.php\/wp-json\/wp\/v2\/posts\/68213","targetHints":{"allow":["GET"]}}],"collection":[{"href":"https:\/\/blogdoedvaldomagalhaes.com.br\/index.php\/wp-json\/wp\/v2\/posts"}],"about":[{"href":"https:\/\/blogdoedvaldomagalhaes.com.br\/index.php\/wp-json\/wp\/v2\/types\/post"}],"author":[{"embeddable":true,"href":"https:\/\/blogdoedvaldomagalhaes.com.br\/index.php\/wp-json\/wp\/v2\/users\/1"}],"replies":[{"embeddable":true,"href":"https:\/\/blogdoedvaldomagalhaes.com.br\/index.php\/wp-json\/wp\/v2\/comments?post=68213"}],"version-history":[{"count":1,"href":"https:\/\/blogdoedvaldomagalhaes.com.br\/index.php\/wp-json\/wp\/v2\/posts\/68213\/revisions"}],"predecessor-version":[{"id":68215,"href":"https:\/\/blogdoedvaldomagalhaes.com.br\/index.php\/wp-json\/wp\/v2\/posts\/68213\/revisions\/68215"}],"wp:featuredmedia":[{"embeddable":true,"href":"https:\/\/blogdoedvaldomagalhaes.com.br\/index.php\/wp-json\/wp\/v2\/media\/68214"}],"wp:attachment":[{"href":"https:\/\/blogdoedvaldomagalhaes.com.br\/index.php\/wp-json\/wp\/v2\/media?parent=68213"}],"wp:term":[{"taxonomy":"category","embeddable":true,"href":"https:\/\/blogdoedvaldomagalhaes.com.br\/index.php\/wp-json\/wp\/v2\/categories?post=68213"},{"taxonomy":"post_tag","embeddable":true,"href":"https:\/\/blogdoedvaldomagalhaes.com.br\/index.php\/wp-json\/wp\/v2\/tags?post=68213"}],"curies":[{"name":"wp","href":"https:\/\/api.w.org\/{rel}","templated":true}]}}