{"id":68210,"date":"2021-03-24T19:30:38","date_gmt":"2021-03-24T22:30:38","guid":{"rendered":"https:\/\/blogdoedvaldomagalhaes.com.br\/?p=68210"},"modified":"2021-03-24T19:30:39","modified_gmt":"2021-03-24T22:30:39","slug":"secretaria-de-saude-de-caruaru-divulga-160-novos-casos-de-covid-19-e-mais-dois-obitos","status":"publish","type":"post","link":"https:\/\/blogdoedvaldomagalhaes.com.br\/index.php\/2021\/03\/24\/secretaria-de-saude-de-caruaru-divulga-160-novos-casos-de-covid-19-e-mais-dois-obitos\/","title":{"rendered":"Secretaria de Sa\u00fade de Caruaru divulga 160 novos casos de covid-19 e mais dois \u00f3bitos"},"content":{"rendered":"<p style=\"text-align: justify;\">A Secretaria de Sa\u00fade de Caruaru divulgou nesta quarta-feira (24), 160 novos casos de covid-19 e mais dois \u00f3bitos. O munic\u00edpio contabiliza agora<span style=\"font-size: inherit;\">\u00a018.387 casos confirmados e 505 mortes em consequ\u00eancia da doen\u00e7a. Mais de mil casos est\u00e3o em investiga\u00e7\u00e3o e 17.664 pacientes se recuperaram da covid-19.<\/span><\/p>\n<p style=\"text-align: justify;\"><span style=\"font-size: inherit;\">A taxa de ocupa\u00e7\u00e3o das UTIs Covid-19 nos hospitais de Caruaru: Mestre Vitalino e de Campanha, Regional do Agreste, Santa Efig\u00eania e Unimed, est\u00e3o com 100%; Municipal Manoel Afonso est\u00e1 com\u00a0 90%.<\/span><\/p>\n","protected":false},"excerpt":{"rendered":"<p>A Secretaria de Sa\u00fade de Caruaru divulgou nesta quarta-feira (24), 160 novos casos de covid-19 e mais dois \u00f3bitos. O&hellip;<\/p>\n","protected":false},"author":1,"featured_media":68211,"comment_status":"open","ping_status":"open","sticky":false,"template":"","format":"standard","meta":{"footnotes":""},"categories":[14120],"tags":[2,19532,1950,19670,21161],"class_list":["post-68210","post","type-post","status-publish","format-standard","has-post-thumbnail","hentry","category-noticias","tag-blog-do-edvaldo-magalhaes","tag-blog-mais-acessado-e-visualizado-de-caruaru-e-regiao","tag-noticias-de-caruaru","tag-novo-coronavirus","tag-secretaria-de-saude-de-caruaru-divulga-160-novos-casos-de-covid-19-e-mais-dois-obitos"],"_links":{"self":[{"href":"https:\/\/blogdoedvaldomagalhaes.com.br\/index.php\/wp-json\/wp\/v2\/posts\/68210","targetHints":{"allow":["GET"]}}],"collection":[{"href":"https:\/\/blogdoedvaldomagalhaes.com.br\/index.php\/wp-json\/wp\/v2\/posts"}],"about":[{"href":"https:\/\/blogdoedvaldomagalhaes.com.br\/index.php\/wp-json\/wp\/v2\/types\/post"}],"author":[{"embeddable":true,"href":"https:\/\/blogdoedvaldomagalhaes.com.br\/index.php\/wp-json\/wp\/v2\/users\/1"}],"replies":[{"embeddable":true,"href":"https:\/\/blogdoedvaldomagalhaes.com.br\/index.php\/wp-json\/wp\/v2\/comments?post=68210"}],"version-history":[{"count":1,"href":"https:\/\/blogdoedvaldomagalhaes.com.br\/index.php\/wp-json\/wp\/v2\/posts\/68210\/revisions"}],"predecessor-version":[{"id":68212,"href":"https:\/\/blogdoedvaldomagalhaes.com.br\/index.php\/wp-json\/wp\/v2\/posts\/68210\/revisions\/68212"}],"wp:featuredmedia":[{"embeddable":true,"href":"https:\/\/blogdoedvaldomagalhaes.com.br\/index.php\/wp-json\/wp\/v2\/media\/68211"}],"wp:attachment":[{"href":"https:\/\/blogdoedvaldomagalhaes.com.br\/index.php\/wp-json\/wp\/v2\/media?parent=68210"}],"wp:term":[{"taxonomy":"category","embeddable":true,"href":"https:\/\/blogdoedvaldomagalhaes.com.br\/index.php\/wp-json\/wp\/v2\/categories?post=68210"},{"taxonomy":"post_tag","embeddable":true,"href":"https:\/\/blogdoedvaldomagalhaes.com.br\/index.php\/wp-json\/wp\/v2\/tags?post=68210"}],"curies":[{"name":"wp","href":"https:\/\/api.w.org\/{rel}","templated":true}]}}