{"id":6821,"date":"2017-02-09T01:33:00","date_gmt":"2017-02-09T03:33:00","guid":{"rendered":"http:\/\/blogdoedvaldomagalhaes.com.br\/index.php\/2017\/02\/09\/mestre-em-gestao-e-politicas-ambientais\/"},"modified":"2019-02-09T01:16:22","modified_gmt":"2019-02-09T03:16:22","slug":"mestre-em-gestao-e-politicas-ambientais","status":"publish","type":"post","link":"https:\/\/blogdoedvaldomagalhaes.com.br\/index.php\/2017\/02\/09\/mestre-em-gestao-e-politicas-ambientais\/","title":{"rendered":"Mestre em Gest\u00e3o e Pol\u00edticas Ambientais desabafa sobre os inc\u00eandios na Reserva Ecol\u00f3gica"},"content":{"rendered":"<div class=\"separator\" style=\"clear: both; text-align: center;\">\n<a href=\"https:\/\/4.bp.blogspot.com\/-KPKhg038w5w\/WJvFM1Q5tXI\/AAAAAAAAPBs\/kY2pZ5LvecUbFfsDprnDUxfuwkLVvpOKgCLcB\/s1600\/serra.jpg\" imageanchor=\"1\" style=\"margin-left: 1em; margin-right: 1em;\"><img loading=\"lazy\" decoding=\"async\" border=\"0\" height=\"400\" src=\"http:\/\/blogdoedvaldomagalhaes.com.br\/wp-content\/uploads\/2017\/02\/serra.jpg\" width=\"221\" \/><\/a><\/div>\n<div class=\"separator\" style=\"clear: both; text-align: center;\">\nFoto: Reprodu\u00e7\u00e3o\/WhatsApp<\/div>\n<div class=\"separator\" style=\"clear: both; text-align: justify;\">\n<\/div>\n<div class=\"separator\" style=\"clear: both; text-align: justify;\">\nO Parque Natural Jo\u00e3o Vasconcelos Sobrinho, em Serra dos Cavalos, tem sido incendiado por diversas vezes, e o Blog do Edvaldo Magalh\u00e3es, recebeu a seguinte nota do ambientalista Jo\u00e3o Domingos:<\/div>\n<div class=\"separator\" style=\"clear: both; text-align: justify;\">\n<\/div>\n<div class=\"separator\" style=\"clear: both; text-align: justify;\">\n&#8220;Meu posicionamento acerca dos recentes acontecimentos no Parque Natural Municipal Professor Jo\u00e3o Vasconcelos Sobrinho &nbsp;&#8211; PNMPJVS: escrevo do meu celular tentando expressar o meu profundo descontentamento e ang\u00fastia. Provoco todas as pessoas em considera\u00e7\u00e3o para duas frases. A primeira de minha formula\u00e7\u00e3o: &#8220;SENDO O PNMPJVS importante para a humanidade, n\u00e3o deveria ser importante para Caruaru?&#8221; No movimento socioambientalista se faz necess\u00e1rio muito compromisso mas s\u00e3o desastrosas \u00e0s a\u00e7\u00f5es de improviso. A quest\u00e3o ambiental no Brasil atual \u00e9 de Pol\u00edtica P\u00fablica, responsabilidade de Estado, necess\u00e1ria qualifica\u00e7\u00e3o s\u00f3cio-t\u00e9cnica, al\u00e9m de todas as demais demandas \u00e0 administra\u00e7\u00e3o expressas pela sociedade.<\/div>\n<div class=\"separator\" style=\"clear: both; text-align: justify;\">\n<\/div>\n<div class=\"separator\" style=\"clear: both; text-align: justify;\">\nA segunda frase escutei de uma outra pessoa, que como eu atuou como Brigadista Volunt\u00e1rio em forma\u00e7\u00e3o e no combate ao inc\u00eandio recente. &#8220;Por que o fogo est\u00e1 acontecendo aqui no Parque?&#8221;. V\u00e1rias s\u00e3o os caminhos de respostas: a) aqui ainda tem o que queimar, floresta; b) aqui n\u00e3o tem dono; e, c) aqui quem deveria cuidar n\u00e3o est\u00e1 fazendo.<\/div>\n<div class=\"separator\" style=\"clear: both; text-align: justify;\">\n<\/div>\n<div class=\"separator\" style=\"clear: both; text-align: justify;\">\nFica as alternativas ou pistas \u00e0 uma reflex\u00e3o necess\u00e1ria na busca do entendimento dos Inc\u00eandios Florestais recentes na Serra dos Cavalos, na Regi\u00e3o e, muito especialmente, no Parque Natural Municipal Professor Jo\u00e3o Vasconcelos Sobrinho &#8211; PNMPJVS.&nbsp;<\/div>\n<div class=\"separator\" style=\"clear: both; text-align: justify;\">\n<\/div>\n<div class=\"separator\" style=\"clear: both; text-align: justify;\">\nAssinado: Jo\u00e3o Domingos Pinheiro Filho &#8211; Mestre em Gest\u00e3o e Pol\u00edticas Ambientais (UFPE), Pesquisador (LEAN\/CAA\/UFPE) e Idealizador e EX-Coordenador da Brigada Volunt\u00e1ria de Combate a Inc\u00eandios Florestais e no Campo.<\/div>\n<div class=\"separator\" style=\"clear: both; text-align: justify;\">\n<\/div>\n<div class=\"separator\" style=\"clear: both; text-align: justify;\">\nObs.: Fui obrigado, por for\u00e7a de investimentos de press\u00e3o, a deixar algumas das contribui\u00e7\u00f5es ao movimento socioambiental.<\/div>\n<div class=\"separator\" style=\"clear: both; text-align: justify;\">\n<\/div>\n<div class=\"separator\" style=\"clear: both; text-align: center;\">\n<a href=\"http:\/\/blogdoedvaldomagalhaes.com.br\/wp-content\/uploads\/2017\/02\/4-C393tica-1.jpg\" imageanchor=\"1\" style=\"clear: left; float: left; margin-bottom: 1em; margin-right: 1em;\"><img decoding=\"async\" border=\"0\" src=\"http:\/\/blogdoedvaldomagalhaes.com.br\/wp-content\/uploads\/2017\/02\/4-C393tica-1.jpg\" \/><\/a><\/div>\n<div class=\"separator\" style=\"clear: both; text-align: justify;\">\n<\/div>\n<p><\/p>\n","protected":false},"excerpt":{"rendered":"<p>Foto: Reprodu\u00e7\u00e3o\/WhatsApp O Parque Natural Jo\u00e3o Vasconcelos Sobrinho, em Serra dos Cavalos, tem sido incendiado por diversas vezes, e o&hellip;<\/p>\n","protected":false},"author":1,"featured_media":0,"comment_status":"open","ping_status":"open","sticky":false,"template":"","format":"standard","meta":{"footnotes":""},"categories":[1],"tags":[9297,3290,6],"class_list":["post-6821","post","type-post","status-publish","format-standard","hentry","category-sem-categoria","tag-blog-do-edvaldo-magalhaes-mestre-em-gestao-e-politicas-ambientais-desabafa-sobre-os-incendios-na-reserva-ecologica","tag-joao-domingos","tag-noticias"],"_links":{"self":[{"href":"https:\/\/blogdoedvaldomagalhaes.com.br\/index.php\/wp-json\/wp\/v2\/posts\/6821","targetHints":{"allow":["GET"]}}],"collection":[{"href":"https:\/\/blogdoedvaldomagalhaes.com.br\/index.php\/wp-json\/wp\/v2\/posts"}],"about":[{"href":"https:\/\/blogdoedvaldomagalhaes.com.br\/index.php\/wp-json\/wp\/v2\/types\/post"}],"author":[{"embeddable":true,"href":"https:\/\/blogdoedvaldomagalhaes.com.br\/index.php\/wp-json\/wp\/v2\/users\/1"}],"replies":[{"embeddable":true,"href":"https:\/\/blogdoedvaldomagalhaes.com.br\/index.php\/wp-json\/wp\/v2\/comments?post=6821"}],"version-history":[{"count":1,"href":"https:\/\/blogdoedvaldomagalhaes.com.br\/index.php\/wp-json\/wp\/v2\/posts\/6821\/revisions"}],"predecessor-version":[{"id":16710,"href":"https:\/\/blogdoedvaldomagalhaes.com.br\/index.php\/wp-json\/wp\/v2\/posts\/6821\/revisions\/16710"}],"wp:attachment":[{"href":"https:\/\/blogdoedvaldomagalhaes.com.br\/index.php\/wp-json\/wp\/v2\/media?parent=6821"}],"wp:term":[{"taxonomy":"category","embeddable":true,"href":"https:\/\/blogdoedvaldomagalhaes.com.br\/index.php\/wp-json\/wp\/v2\/categories?post=6821"},{"taxonomy":"post_tag","embeddable":true,"href":"https:\/\/blogdoedvaldomagalhaes.com.br\/index.php\/wp-json\/wp\/v2\/tags?post=6821"}],"curies":[{"name":"wp","href":"https:\/\/api.w.org\/{rel}","templated":true}]}}