{"id":68206,"date":"2021-03-24T18:41:26","date_gmt":"2021-03-24T21:41:26","guid":{"rendered":"https:\/\/blogdoedvaldomagalhaes.com.br\/?p=68206"},"modified":"2021-03-24T18:41:27","modified_gmt":"2021-03-24T21:41:27","slug":"apac-alerta-para-chuva-forte-nas-proximas-24h-no-grande-recife-mata-norte-e-sul","status":"publish","type":"post","link":"https:\/\/blogdoedvaldomagalhaes.com.br\/index.php\/2021\/03\/24\/apac-alerta-para-chuva-forte-nas-proximas-24h-no-grande-recife-mata-norte-e-sul\/","title":{"rendered":"Apac alerta para chuva forte nas pr\u00f3ximas 24h no Grande Recife Mata Norte e Sul"},"content":{"rendered":"<p style=\"text-align: justify;\"><span style=\"font-size: inherit;\">A Apac informa que a previs\u00e3o do tempo para esta quinta-feira (25) indica possibilidade chuvas com intensidade moderada a forte no litoral do Estado, que contempla as regi\u00f5es da Mata Norte, Mata Sul e Regi\u00e3o Metropolitana do Recife.<\/span><\/p>\n<p style=\"text-align: justify;\">As chuvas previstas s\u00e3o decorrentes de um pulso da Zona de Converg\u00eancia Intertropical que dever\u00e1 instabilizar a atmosfera.<br \/>\nA popula\u00e7\u00e3o das \u00e1reas citadas dever\u00e1 seguir as orienta\u00e7\u00f5es da Defesa Civil.<\/p>\n","protected":false},"excerpt":{"rendered":"<p>A Apac informa que a previs\u00e3o do tempo para esta quinta-feira (25) indica possibilidade chuvas com intensidade moderada a forte&hellip;<\/p>\n","protected":false},"author":1,"featured_media":68208,"comment_status":"open","ping_status":"open","sticky":false,"template":"","format":"standard","meta":{"footnotes":""},"categories":[14120],"tags":[21160,2,19532,6],"class_list":["post-68206","post","type-post","status-publish","format-standard","has-post-thumbnail","hentry","category-noticias","tag-apac-alerta-para-chuva-forte-nas-proximas-24h-no-grande-recife-mata-norte-e-sul","tag-blog-do-edvaldo-magalhaes","tag-blog-mais-acessado-e-visualizado-de-caruaru-e-regiao","tag-noticias"],"_links":{"self":[{"href":"https:\/\/blogdoedvaldomagalhaes.com.br\/index.php\/wp-json\/wp\/v2\/posts\/68206","targetHints":{"allow":["GET"]}}],"collection":[{"href":"https:\/\/blogdoedvaldomagalhaes.com.br\/index.php\/wp-json\/wp\/v2\/posts"}],"about":[{"href":"https:\/\/blogdoedvaldomagalhaes.com.br\/index.php\/wp-json\/wp\/v2\/types\/post"}],"author":[{"embeddable":true,"href":"https:\/\/blogdoedvaldomagalhaes.com.br\/index.php\/wp-json\/wp\/v2\/users\/1"}],"replies":[{"embeddable":true,"href":"https:\/\/blogdoedvaldomagalhaes.com.br\/index.php\/wp-json\/wp\/v2\/comments?post=68206"}],"version-history":[{"count":1,"href":"https:\/\/blogdoedvaldomagalhaes.com.br\/index.php\/wp-json\/wp\/v2\/posts\/68206\/revisions"}],"predecessor-version":[{"id":68209,"href":"https:\/\/blogdoedvaldomagalhaes.com.br\/index.php\/wp-json\/wp\/v2\/posts\/68206\/revisions\/68209"}],"wp:featuredmedia":[{"embeddable":true,"href":"https:\/\/blogdoedvaldomagalhaes.com.br\/index.php\/wp-json\/wp\/v2\/media\/68208"}],"wp:attachment":[{"href":"https:\/\/blogdoedvaldomagalhaes.com.br\/index.php\/wp-json\/wp\/v2\/media?parent=68206"}],"wp:term":[{"taxonomy":"category","embeddable":true,"href":"https:\/\/blogdoedvaldomagalhaes.com.br\/index.php\/wp-json\/wp\/v2\/categories?post=68206"},{"taxonomy":"post_tag","embeddable":true,"href":"https:\/\/blogdoedvaldomagalhaes.com.br\/index.php\/wp-json\/wp\/v2\/tags?post=68206"}],"curies":[{"name":"wp","href":"https:\/\/api.w.org\/{rel}","templated":true}]}}